{"id":7558,"date":"2012-11-10T17:05:58","date_gmt":"2012-11-10T16:05:58","guid":{"rendered":"http:\/\/www.traba.org\/trabablog\/?p=7558"},"modified":"2012-11-10T17:30:34","modified_gmt":"2012-11-10T16:30:34","slug":"ole-la-lola","status":"publish","type":"post","link":"http:\/\/traba.org\/trabablog\/?p=7558","title":{"rendered":"ol\u00e9 la lola"},"content":{"rendered":"<p><strong>diumenge 4 de novembre<\/strong><\/p>\n<p>\u00faltim dia de festa del francesc \ud83d\ude41<\/p>\n<p>la lola porta, el polar de l&#8217;albert i el sonajero de l&#8217;anna \ud83d\ude42 i direu, per qu\u00e8 porta el polar? pues perqu\u00e8 se&#8217;ns va espatllar la caldera i al tornar de sitges no ten\u00edem ni aigua calenta ni calefacci\u00f3. a dia d&#8217;avui, que escric el post, 6 dies despr\u00e9s, tornem a estar a sitges perqu\u00e8 seguim sense caldera. i no tinc esperances que ens l&#8217;arreglin fins dimarts &gt;:(<\/p>\n<p><img loading=\"lazy\" decoding=\"async\" src=\"http:\/\/www.traba.org\/trabablog\/wp-content\/uploads\/2012\/11\/IMG_0703.jpg\" alt=\"IMG_0703\" width=\"800\" height=\"600\" \/><\/p>\n<p><strong>dilluns 5 de novembre<\/strong><\/p>\n<p>el primer dia de la lola i meu mano a mano. vam anar a comprar pa a baluard, per\u00f2 no em vaig atrevir a seure a cap lloc, por si acaso es liava la cosa. per\u00f2 si que vaig comprovar que el santa marta un dilluns a les 10:26 del mat\u00ed, no hi ha problemes d&#8217;espai.<\/p>\n<p><img loading=\"lazy\" decoding=\"async\" src=\"http:\/\/www.traba.org\/trabablog\/wp-content\/uploads\/2012\/11\/IMG_0707.jpg\" alt=\"IMG_0707\" width=\"800\" height=\"1066\" \/><\/p>\n<p><strong>dimarts 6 de novembre<\/strong><\/p>\n<p>segon dia sense el papa pels matins. la lola porta el bodi vermell de l&#8217;\u00e0via (que ja jubilarem perqu\u00e8 li va petit), els pantalons del guillem i l&#8217;\u00e0dri\u00e0 (gr\u00e0cies, molt \u00fatils!) i els mitjons de la guineu de la tieta.<\/p>\n<p><img loading=\"lazy\" decoding=\"async\" src=\"http:\/\/www.traba.org\/trabablog\/wp-content\/uploads\/2012\/11\/IMG_0723.jpg\" alt=\"IMG_0723\" width=\"800\" height=\"1066\" \/><\/p>\n<p>i 40 minuts despr\u00e9s la lola dormia&#8230;<\/p>\n<p><img loading=\"lazy\" decoding=\"async\" src=\"http:\/\/www.traba.org\/trabablog\/wp-content\/uploads\/2012\/11\/IMG_0725.jpg\" alt=\"IMG_0725\" width=\"800\" height=\"1066\" \/><\/p>\n<p><strong>dimecres 7 de novembre<\/strong><\/p>\n<p>davant de vin\u00e7on, que la lola estava cansada d&#8217;estar al cotxet i comen\u00e7ava a tenir gana. per cert, ni un got dels que buscava vaig trobar. aquest dia si que vam plorar pel carrer\u2026 el proper dia entro a un bar i li dono la teta (fora no que ja fa fred). per\u00f2 anant sola, em fa m\u00e9s cosa\u2026<\/p>\n<p><img loading=\"lazy\" decoding=\"async\" src=\"http:\/\/www.traba.org\/trabablog\/wp-content\/uploads\/2012\/11\/IMG_0739.jpg\" alt=\"IMG_0739\" width=\"800\" height=\"1066\" \/><\/p>\n<p><strong>dijous 8 de novembre<\/strong><\/p>\n<p>encuixinada al sof\u00e0, que sin\u00f3 es cau de costat.<\/p>\n<p><img loading=\"lazy\" decoding=\"async\" src=\"http:\/\/www.traba.org\/trabablog\/wp-content\/uploads\/2012\/11\/IMG_0748.jpg\" alt=\"IMG_0748\" width=\"800\" height=\"1066\" \/><\/p>\n<p>anant per rambla catalunya a casa la iaia a dutxar-nos.<\/p>\n<p><img loading=\"lazy\" decoding=\"async\" src=\"http:\/\/www.traba.org\/trabablog\/wp-content\/uploads\/2012\/11\/IMG_0749.jpg\" alt=\"IMG_0749\" width=\"800\" height=\"1066\" \/><\/p>\n<p><strong>divendres 10 de novembre<\/strong><\/p>\n<p>la primera vetada que la lola va en metro. vam anar en motxilla perqu\u00e8 sembla que sigue m\u00e9s c\u00f2mode. i t\u00e9 un efecte similar al cotxe, l&#8217;adorm. ll\u00e0stima que estavem prop d&#8217;un altaveu i cada cop que se sentia &#8216;titutin!!! propera parada\u2026&#8217; la lola obria els ulls. aix\u00f2 si, si vas amb motxilla la gent tamb\u00e9 et deixa seure. a una persona per parada li vaig haver de dir que no, que amb la motxilla \u00e9s m\u00e9s c\u00f2mode anar de peu. aquest dia vam anar a recursos humans de num\u00e0ncia i entre baixa maternal, lact\u00e0ncia, vacances i reducci\u00f3 tinc fins al juliol! ol\u00e9 \ud83d\ude42<\/p>\n<p><img loading=\"lazy\" decoding=\"async\" src=\"http:\/\/www.traba.org\/trabablog\/wp-content\/uploads\/2012\/11\/IMG_0752.jpg\" alt=\"IMG_0752\" width=\"800\" height=\"1066\" \/><\/p>\n<p>i a sitges, per lo de l&#8217;aigua calenta\u2026 i a dormir\u2026 amb la sophie i amb el sac que ens va regalar la son\u00edn.<\/p>\n<p><img loading=\"lazy\" decoding=\"async\" src=\"http:\/\/www.traba.org\/trabablog\/wp-content\/uploads\/2012\/11\/IMG_0755.jpg\" alt=\"IMG_0755\" width=\"800\" height=\"1066\" \/><\/p>\n<p><strong>dissabte 10 de novembre<\/strong><\/p>\n<p>cara son\u2026 ja feia 48 minuts que s&#8217;havia llevat.<\/p>\n<p><img loading=\"lazy\" decoding=\"async\" src=\"http:\/\/www.traba.org\/trabablog\/wp-content\/uploads\/2012\/11\/2012-11-10-08.48.45.jpg\" alt=\"2012-11-10 08.48.45\" width=\"800\" height=\"1066\" \/><\/p>\n<p>i despr\u00e9s de dormir, ens ha descobert pel forat de la cuna!<\/p>\n<p><img loading=\"lazy\" decoding=\"async\" src=\"http:\/\/www.traba.org\/trabablog\/wp-content\/uploads\/2012\/11\/2012-11-10-09.52.37.jpg\" alt=\"2012-11-10 09.52.37\" width=\"800\" height=\"1066\" \/><\/p>\n<p>descobrint-se el peu.<\/p>\n<p><img loading=\"lazy\" decoding=\"async\" src=\"http:\/\/www.traba.org\/trabablog\/wp-content\/uploads\/2012\/11\/IMG_0798.jpg\" alt=\"IMG_0798\" width=\"800\" height=\"800\" \/><\/p>\n<p>i el teo va a comprar! aqu\u00ed es distreia mirant al pare com feia la foto.<\/p>\n<p><img loading=\"lazy\" decoding=\"async\" src=\"http:\/\/www.traba.org\/trabablog\/wp-content\/uploads\/2012\/11\/DSCF0332.jpg\" alt=\"DSCF0332\" width=\"800\" height=\"1204\" \/><\/p>\n<p>i aqu\u00ed ja seguia m\u00e9s el conte \ud83d\ude42<\/p>\n<p><img loading=\"lazy\" decoding=\"async\" src=\"http:\/\/www.traba.org\/trabablog\/wp-content\/uploads\/2012\/11\/DSCF0335.jpg\" alt=\"DSCF0335\" width=\"800\" height=\"531\" \/><\/p>\n<p>i\u2026 atenci\u00f3\u2026 si no dorm\u00eda ja prou b\u00e9 la lola avui, ens ha tornat a sorprendre! ens ha dormit 8 hores i 40 minuts seguits a la nit i ens ha fet 1 hora i 40 minuts de migdiada. ol\u00e9 ol\u00e9, que se&#8217;ns est\u00e0 fent gran!!! ah, i portava el regal de la tieta de londres, la jaqueta del winnie de poe que abriga molt!<\/p>\n<p><img loading=\"lazy\" decoding=\"async\" src=\"http:\/\/www.traba.org\/trabablog\/wp-content\/uploads\/2012\/11\/2012-11-10-11.08.37.jpg\" alt=\"2012-11-10 11.08.37\" width=\"800\" height=\"1066\" \/><\/p>\n<p>el carrer del pecat.<\/p>\n<p><img loading=\"lazy\" decoding=\"async\" src=\"http:\/\/www.traba.org\/trabablog\/wp-content\/uploads\/2012\/11\/IMG_0803.jpg\" alt=\"IMG_0803\" width=\"800\" height=\"1066\" \/><\/p>\n","protected":false},"excerpt":{"rendered":"<p>diumenge 4 de novembre \u00faltim dia de festa del francesc \ud83d\ude41 la lola porta, el polar de l&#8217;albert i el sonajero de l&#8217;anna \ud83d\ude42 i direu, per qu\u00e8 porta el&#8230;<\/p>\n","protected":false},"author":5,"featured_media":7543,"comment_status":"open","ping_status":"closed","sticky":false,"template":"","format":"standard","meta":{"_monsterinsights_skip_tracking":false,"_monsterinsights_sitenote_active":false,"_monsterinsights_sitenote_note":"","_monsterinsights_sitenote_category":0,"footnotes":""},"categories":[28],"tags":[62,100,89],"class_list":["post-7558","post","type-post","status-publish","format-standard","has-post-thumbnail","hentry","category-ordinary-days","tag-barcelona","tag-lola","tag-sitges"],"_links":{"self":[{"href":"http:\/\/traba.org\/trabablog\/index.php?rest_route=\/wp\/v2\/posts\/7558","targetHints":{"allow":["GET"]}}],"collection":[{"href":"http:\/\/traba.org\/trabablog\/index.php?rest_route=\/wp\/v2\/posts"}],"about":[{"href":"http:\/\/traba.org\/trabablog\/index.php?rest_route=\/wp\/v2\/types\/post"}],"author":[{"embeddable":true,"href":"http:\/\/traba.org\/trabablog\/index.php?rest_route=\/wp\/v2\/users\/5"}],"replies":[{"embeddable":true,"href":"http:\/\/traba.org\/trabablog\/index.php?rest_route=%2Fwp%2Fv2%2Fcomments&post=7558"}],"version-history":[{"count":3,"href":"http:\/\/traba.org\/trabablog\/index.php?rest_route=\/wp\/v2\/posts\/7558\/revisions"}],"predecessor-version":[{"id":7561,"href":"http:\/\/traba.org\/trabablog\/index.php?rest_route=\/wp\/v2\/posts\/7558\/revisions\/7561"}],"wp:featuredmedia":[{"embeddable":true,"href":"http:\/\/traba.org\/trabablog\/index.php?rest_route=\/wp\/v2\/media\/7543"}],"wp:attachment":[{"href":"http:\/\/traba.org\/trabablog\/index.php?rest_route=%2Fwp%2Fv2%2Fmedia&parent=7558"}],"wp:term":[{"taxonomy":"category","embeddable":true,"href":"http:\/\/traba.org\/trabablog\/index.php?rest_route=%2Fwp%2Fv2%2Fcategories&post=7558"},{"taxonomy":"post_tag","embeddable":true,"href":"http:\/\/traba.org\/trabablog\/index.php?rest_route=%2Fwp%2Fv2%2Ftags&post=7558"}],"curies":[{"name":"wp","href":"https:\/\/api.w.org\/{rel}","templated":true}]}}