{"id":7583,"date":"2012-11-17T20:09:53","date_gmt":"2012-11-17T19:09:53","guid":{"rendered":"http:\/\/www.traba.org\/trabablog\/?p=7583"},"modified":"2012-11-17T20:11:57","modified_gmt":"2012-11-17T19:11:57","slug":"per-fi-tenim-aigua-calenta-ha-estat-dur","status":"publish","type":"post","link":"http:\/\/traba.org\/trabablog\/?p=7583","title":{"rendered":"per fi tenim aigua calenta, ha estat dur&#8230;"},"content":{"rendered":"<p><strong>diumenge 11 de novembre<\/strong><\/p>\n<p>aquell cap de setmana, estavem a sitges, per lo de l&#8217;aigua calenta. que encara em vaig quedar curta. ens la van venir a arreglar dijous! 11 dies sense calefacci\u00f3 ni aigua calenta. i els demanes una explicaci\u00f3 de per qu\u00e8 no van demanar la pe\u00e7a abans i tothom tirant les culpes als altres. en fin. aix\u00ed anem.<\/p>\n<p>aquesta \u00e9s una foto desde la finestra de l&#8217;habitaci\u00f3 de sitges a les 7:56 del mat\u00ed. crec que mai hacia estar llevada tan d&#8217;hora a sitges \ud83d\ude09<\/p>\n<p><img loading=\"lazy\" decoding=\"async\" src=\"http:\/\/www.traba.org\/trabablog\/wp-content\/uploads\/2012\/11\/IMG_0804.jpg\" alt=\"IMG_0804\" width=\"800\" height=\"1066\" \/><\/p>\n<p><strong>dilluns 11 de novembre<\/strong><\/p>\n<p>feia fred i vam treure la roba d&#8217;abric per adonar-nos que la roba que ens van regalar la luza i el leo de 6-9 mesos ja li anava b\u00e9! amb lo gran que semblava quan ens la van regalar&#8230;<\/p>\n<p><img loading=\"lazy\" decoding=\"async\" src=\"http:\/\/www.traba.org\/trabablog\/wp-content\/uploads\/2012\/11\/IMG_0806.jpg\" alt=\"IMG_0806\" width=\"800\" height=\"1066\" \/><\/p>\n<p>i com no, dormint \ud83d\ude09<\/p>\n<p><img loading=\"lazy\" decoding=\"async\" src=\"http:\/\/www.traba.org\/trabablog\/wp-content\/uploads\/2012\/11\/2012-11-12-09.45.04.jpg\" alt=\"2012-11-12 09.45.04\" width=\"800\" height=\"1066\" \/><\/p>\n<p><strong>dimarts 13 de novembre<\/strong><\/p>\n<p>despr\u00e9s del bany, i sense plorar!<\/p>\n<p><img loading=\"lazy\" decoding=\"async\" src=\"http:\/\/www.traba.org\/trabablog\/wp-content\/uploads\/2012\/11\/IMG_0838.jpg\" alt=\"IMG_0838\" width=\"800\" height=\"1066\" \/><\/p>\n<p><strong>dimecres 14 de novembre, vaga general<\/strong><\/p>\n<p>el dia de la vaga, per no anar pel centre, vam anar a passejar per baix, al port vell.<\/p>\n<p><img loading=\"lazy\" decoding=\"async\" src=\"http:\/\/www.traba.org\/trabablog\/wp-content\/uploads\/2012\/11\/IMG_0850.jpg\" alt=\"IMG_0850\" width=\"800\" height=\"1066\" \/><\/p>\n<p>fins la barceloneta.<\/p>\n<p><img loading=\"lazy\" decoding=\"async\" src=\"http:\/\/www.traba.org\/trabablog\/wp-content\/uploads\/2012\/11\/IMG_0854.jpg\" alt=\"IMG_0854\" width=\"800\" height=\"1066\" \/><\/p>\n<p>i l&#8217;hotel vela. quin vent que feia!<\/p>\n<p><img loading=\"lazy\" decoding=\"async\" src=\"http:\/\/www.traba.org\/trabablog\/wp-content\/uploads\/2012\/11\/IMG_0856.jpg\" alt=\"IMG_0856\" width=\"800\" height=\"1066\" \/><\/p>\n<p>no es poden fer 3 coses a l&#8217;hora&#8230;<\/p>\n<p><img loading=\"lazy\" decoding=\"async\" src=\"http:\/\/www.traba.org\/trabablog\/wp-content\/uploads\/2012\/11\/IMG_0859.jpg\" alt=\"IMG_0859\" width=\"800\" height=\"1066\" \/><\/p>\n<p>ale, tapat i a seguir!<\/p>\n<p><img loading=\"lazy\" decoding=\"async\" src=\"http:\/\/www.traba.org\/trabablog\/wp-content\/uploads\/2012\/11\/IMG_0860.jpg\" alt=\"IMG_0860\" width=\"800\" height=\"1066\" \/><\/p>\n<p><strong>dijous 15 de novembre<\/strong><\/p>\n<p>aquest dia vam anar a la marina amb la lola. i despr\u00e9s a dinar a l&#8217;otto amb el pare, que va haver de treballar de tarda pr culpa dels senyors de la caldera. primer ens donen hora a les 10:30. el vespre anterior, truquen per dir-nos que vindran a les 9, i es presenten a les 11! i clar, una cosa \u00e9s planificar que et dutxaras i anir\u00e0s a treballar a les 10:30 i l&#8217;altra \u00e9s arribar a la feina a les 12:30. en fin. i a sobre els molt caradures, em posen una etiqueta a la caldera dient que si es torn\u00e9s a espatllar els podem trucar!<\/p>\n<p><img loading=\"lazy\" decoding=\"async\" src=\"http:\/\/www.traba.org\/trabablog\/wp-content\/uploads\/2012\/11\/IMG_0863.jpg\" alt=\"IMG_0863\" width=\"800\" height=\"1066\" \/> <img loading=\"lazy\" decoding=\"async\" src=\"http:\/\/www.traba.org\/trabablog\/wp-content\/uploads\/2012\/11\/IMG_0864.jpg\" alt=\"IMG_0864\" width=\"800\" height=\"1066\" \/><\/p>\n<p><strong>divendres 16 de novembre<\/strong><\/p>\n<p><img loading=\"lazy\" decoding=\"async\" src=\"http:\/\/www.traba.org\/trabablog\/wp-content\/uploads\/2012\/11\/IMG_0880.jpg\" alt=\"IMG_0880\" width=\"800\" height=\"1066\" \/><\/p>\n<p>a la feina amb l&#8217;elorza.<\/p>\n<p><img loading=\"lazy\" decoding=\"async\" src=\"http:\/\/www.traba.org\/trabablog\/wp-content\/uploads\/2012\/11\/2012-11-16-15.09.11.jpg\" alt=\"2012-11-16 15.09.11\" width=\"800\" height=\"600\" \/><\/p>\n<p><strong>dissabte 17 de novembre<\/strong><\/p>\n<p>avui hem anar al milk a fer el brunch amb el dani i la mari que ens han regalat un vestit de melic (per casualitat) molt xulo \ud83d\ude00 un dia d&#8217;aquests us l&#8217;ensenyem.<\/p>\n<p><img loading=\"lazy\" decoding=\"async\" src=\"http:\/\/www.traba.org\/trabablog\/wp-content\/uploads\/2012\/11\/IMG_0890.jpg\" alt=\"IMG_0890\" width=\"800\" height=\"600\" \/><\/p>\n<p>i tamb\u00e9 amb la marta, el juanjo, la paula i el juanjo. ara per menos de res, som un mont\u00f3n!!! i per entretenir-nos, hem anat a buscar tresors (aka geocach\u00e9s) al parc de la ciutadella.<\/p>\n<p><img loading=\"lazy\" decoding=\"async\" src=\"http:\/\/www.traba.org\/trabablog\/wp-content\/uploads\/2012\/11\/2012-11-17-12.24.05.jpg\" alt=\"2012-11-17 12.24.05\" width=\"800\" height=\"1066\" \/><\/p>\n<p>i a l&#8217;arc de triomf.<\/p>\n<p><img loading=\"lazy\" decoding=\"async\" src=\"http:\/\/www.traba.org\/trabablog\/wp-content\/uploads\/2012\/11\/2012-11-17-13.28.31.jpg\" alt=\"2012-11-17 13.28.31\" width=\"800\" height=\"1066\" \/><\/p>\n<p>el juanjo acariciant a la lola.<\/p>\n<p><img loading=\"lazy\" decoding=\"async\" src=\"http:\/\/www.traba.org\/trabablog\/wp-content\/uploads\/2012\/11\/2012-11-17-13.31.11.jpg\" alt=\"2012-11-17 13.31.11\" width=\"800\" height=\"1066\" \/><\/p>\n<p>cara de gana.<\/p>\n<p><img loading=\"lazy\" decoding=\"async\" src=\"http:\/\/www.traba.org\/trabablog\/wp-content\/uploads\/2012\/11\/IMG_0898.jpg\" alt=\"IMG_0898\" width=\"800\" height=\"1066\" \/><\/p>\n<p>cara de tipa.<\/p>\n<p><img loading=\"lazy\" decoding=\"async\" src=\"http:\/\/www.traba.org\/trabablog\/wp-content\/uploads\/2012\/11\/2012-11-17-15.55.47.jpg\" alt=\"2012-11-17 15.55.47\" width=\"800\" height=\"1066\" \/><\/p>\n","protected":false},"excerpt":{"rendered":"<p>diumenge 11 de novembre aquell cap de setmana, estavem a sitges, per lo de l&#8217;aigua calenta. que encara em vaig quedar curta. ens la van venir a arreglar dijous! 11&#8230;<\/p>\n","protected":false},"author":5,"featured_media":7570,"comment_status":"open","ping_status":"closed","sticky":false,"template":"","format":"standard","meta":{"_monsterinsights_skip_tracking":false,"_monsterinsights_sitenote_active":false,"_monsterinsights_sitenote_note":"","_monsterinsights_sitenote_category":0,"footnotes":""},"categories":[28],"tags":[62,40,100,41,42,89],"class_list":["post-7583","post","type-post","status-publish","format-standard","has-post-thumbnail","hentry","category-ordinary-days","tag-barcelona","tag-geocaching","tag-lola","tag-mar","tag-platja","tag-sitges"],"_links":{"self":[{"href":"http:\/\/traba.org\/trabablog\/index.php?rest_route=\/wp\/v2\/posts\/7583","targetHints":{"allow":["GET"]}}],"collection":[{"href":"http:\/\/traba.org\/trabablog\/index.php?rest_route=\/wp\/v2\/posts"}],"about":[{"href":"http:\/\/traba.org\/trabablog\/index.php?rest_route=\/wp\/v2\/types\/post"}],"author":[{"embeddable":true,"href":"http:\/\/traba.org\/trabablog\/index.php?rest_route=\/wp\/v2\/users\/5"}],"replies":[{"embeddable":true,"href":"http:\/\/traba.org\/trabablog\/index.php?rest_route=%2Fwp%2Fv2%2Fcomments&post=7583"}],"version-history":[{"count":2,"href":"http:\/\/traba.org\/trabablog\/index.php?rest_route=\/wp\/v2\/posts\/7583\/revisions"}],"predecessor-version":[{"id":7585,"href":"http:\/\/traba.org\/trabablog\/index.php?rest_route=\/wp\/v2\/posts\/7583\/revisions\/7585"}],"wp:featuredmedia":[{"embeddable":true,"href":"http:\/\/traba.org\/trabablog\/index.php?rest_route=\/wp\/v2\/media\/7570"}],"wp:attachment":[{"href":"http:\/\/traba.org\/trabablog\/index.php?rest_route=%2Fwp%2Fv2%2Fmedia&parent=7583"}],"wp:term":[{"taxonomy":"category","embeddable":true,"href":"http:\/\/traba.org\/trabablog\/index.php?rest_route=%2Fwp%2Fv2%2Fcategories&post=7583"},{"taxonomy":"post_tag","embeddable":true,"href":"http:\/\/traba.org\/trabablog\/index.php?rest_route=%2Fwp%2Fv2%2Ftags&post=7583"}],"curies":[{"name":"wp","href":"https:\/\/api.w.org\/{rel}","templated":true}]}}