{"id":7641,"date":"2012-12-02T20:36:28","date_gmt":"2012-12-02T19:36:28","guid":{"rendered":"http:\/\/www.traba.org\/trabablog\/?p=7641"},"modified":"2012-12-02T20:38:50","modified_gmt":"2012-12-02T19:38:50","slug":"mati-de-jocs","status":"publish","type":"post","link":"http:\/\/traba.org\/trabablog\/?p=7641","title":{"rendered":"mat\u00ed de joc(s)"},"content":{"rendered":"<p><strong>dijous 29 de desembre<\/strong><\/p>\n<p>estrenem el regal del dani i la mari i els pe\u00fccs del guillem i adri\u00e0.<\/p>\n<p><img loading=\"lazy\" decoding=\"async\" src=\"http:\/\/www.traba.org\/trabablog\/wp-content\/uploads\/2012\/12\/IMG_1075.jpg\" alt=\"IMG_1075\" width=\"800\" height=\"1066\" \/><\/p>\n<p>i sortim al carrer, abrigada que fa fred.<\/p>\n<p><img loading=\"lazy\" decoding=\"async\" src=\"http:\/\/www.traba.org\/trabablog\/wp-content\/uploads\/2012\/12\/IMG_1080.jpg\" alt=\"IMG_1080\" width=\"800\" height=\"1066\" \/><\/p>\n<p>i seguim practicant amb el gym.<\/p>\n<p><img loading=\"lazy\" decoding=\"async\" src=\"http:\/\/www.traba.org\/trabablog\/wp-content\/uploads\/2012\/12\/DSCF0343.jpg\" alt=\"DSCF0343\" width=\"800\" height=\"1204\" \/><\/p>\n<p>ohhhh!<\/p>\n<p><img loading=\"lazy\" decoding=\"async\" src=\"http:\/\/www.traba.org\/trabablog\/wp-content\/uploads\/2012\/12\/DSCF0350.jpg\" alt=\"DSCF0350\" width=\"800\" height=\"531\" \/> <img loading=\"lazy\" decoding=\"async\" src=\"http:\/\/www.traba.org\/trabablog\/wp-content\/uploads\/2012\/12\/DSCF0351.jpg\" alt=\"DSCF0351\" width=\"800\" height=\"531\" \/> <img loading=\"lazy\" decoding=\"async\" src=\"http:\/\/www.traba.org\/trabablog\/wp-content\/uploads\/2012\/12\/DSCF0353.jpg\" alt=\"DSCF0353\" width=\"800\" height=\"531\" \/><\/p>\n<p>i despu\u00e9s per la tarda a llegar una mica.<\/p>\n<p><img loading=\"lazy\" decoding=\"async\" src=\"http:\/\/www.traba.org\/trabablog\/wp-content\/uploads\/2012\/12\/IMG_1098.jpg\" alt=\"IMG_1098\" width=\"800\" height=\"1066\" \/><\/p>\n<p>i la lola tenia ganes de seure, no es volia estar estirada de cap de les maneres. ni asseguda a l&#8217;hamaca. per\u00f2 sola asseguda no s&#8217;aguanta. aix\u00ed que vam inventar-nos aquest mecanisme amb el coix\u00ed de lact\u00e0ncia \ud83d\ude42<\/p>\n<p><img loading=\"lazy\" decoding=\"async\" src=\"http:\/\/www.traba.org\/trabablog\/wp-content\/uploads\/2012\/12\/IMG_1105.jpg\" alt=\"IMG_1105\" width=\"800\" height=\"1066\" \/><\/p>\n<p><strong>dissabte 1 de desembre<\/strong><\/p>\n<p>encara m\u00e9s abrigats, que fa m\u00e9s fred.<\/p>\n<p><img loading=\"lazy\" decoding=\"async\" src=\"http:\/\/www.traba.org\/trabablog\/wp-content\/uploads\/2012\/12\/2012-12-01-10.40.54.jpg\" alt=\"2012-12-01 10.40.54\" width=\"800\" height=\"1066\" \/><\/p>\n<p><strong>diumenge 2 de desembre<\/strong><\/p>\n<p>mat\u00ed de jocs amb la susana i el pau.<\/p>\n<p><img loading=\"lazy\" decoding=\"async\" src=\"http:\/\/www.traba.org\/trabablog\/wp-content\/uploads\/2012\/12\/2012-12-02-11.18.55.jpg\" alt=\"2012-12-02 11.18.55\" width=\"800\" height=\"599\" \/> <img loading=\"lazy\" decoding=\"async\" src=\"http:\/\/www.traba.org\/trabablog\/wp-content\/uploads\/2012\/12\/2012-12-02-11.28.00.jpg\" alt=\"2012-12-02 11.28.00\" width=\"800\" height=\"1066\" \/><\/p>\n<p>i amb el guillem, l&#8217;adri\u00e0, l&#8217;albert i la laia.<\/p>\n<p><img loading=\"lazy\" decoding=\"async\" src=\"http:\/\/www.traba.org\/trabablog\/wp-content\/uploads\/2012\/12\/2012-12-02-12.08.58.jpg\" alt=\"2012-12-02 12.08.58\" width=\"800\" height=\"600\" \/><\/p>\n<p>aqu\u00ed estem tots menys el francesc que fa la foto.<\/p>\n<p><img loading=\"lazy\" decoding=\"async\" src=\"http:\/\/www.traba.org\/trabablog\/wp-content\/uploads\/2012\/12\/2012-12-02-12.29.28.jpg\" alt=\"2012-12-02 12.29.28\" width=\"800\" height=\"149\" \/><\/p>\n<p>la laia i el guillem.<\/p>\n<p><img loading=\"lazy\" decoding=\"async\" src=\"http:\/\/www.traba.org\/trabablog\/wp-content\/uploads\/2012\/12\/2012-12-02-12.32.38.jpg\" alt=\"2012-12-02 12.32.38\" width=\"800\" height=\"1066\" \/><\/p>\n<p>l&#8217;albert i l&#8217;adri\u00e0 jugant al rece for the galaxy.<\/p>\n<p><img loading=\"lazy\" decoding=\"async\" src=\"http:\/\/www.traba.org\/trabablog\/wp-content\/uploads\/2012\/12\/2012-12-02-12.36.06.jpg\" alt=\"2012-12-02 12.36.06\" width=\"800\" height=\"1066\" \/><\/p>\n<p>els 4.<\/p>\n<p><img loading=\"lazy\" decoding=\"async\" src=\"http:\/\/www.traba.org\/trabablog\/wp-content\/uploads\/2012\/12\/2012-12-02-12.37.31.jpg\" alt=\"2012-12-02 12.37.31\" width=\"800\" height=\"600\" \/><\/p>\n<p>el guillem.<\/p>\n<p><img loading=\"lazy\" decoding=\"async\" src=\"http:\/\/www.traba.org\/trabablog\/wp-content\/uploads\/2012\/12\/2012-12-02-12.57.58.jpg\" alt=\"2012-12-02 12.57.58\" width=\"800\" height=\"1066\" \/><\/p>\n<p>i jasta. dem\u00e0 comen\u00e7a una altra setmana. la \u00faltima de baixa maternal si nom\u00e9s tingu\u00e9s la baixa maternal i ja est\u00e0. seria molt dif\u00edcil portar a la lola en 2 setmanes a la guarderia!<\/p>\n","protected":false},"excerpt":{"rendered":"<p>dijous 29 de desembre estrenem el regal del dani i la mari i els pe\u00fccs del guillem i adri\u00e0. i sortim al carrer, abrigada que fa fred. i seguim practicant&#8230;<\/p>\n","protected":false},"author":5,"featured_media":7638,"comment_status":"open","ping_status":"closed","sticky":false,"template":"","format":"standard","meta":{"_monsterinsights_skip_tracking":false,"_monsterinsights_sitenote_active":false,"_monsterinsights_sitenote_note":"","_monsterinsights_sitenote_category":0,"footnotes":""},"categories":[28],"tags":[100],"class_list":["post-7641","post","type-post","status-publish","format-standard","has-post-thumbnail","hentry","category-ordinary-days","tag-lola"],"_links":{"self":[{"href":"http:\/\/traba.org\/trabablog\/index.php?rest_route=\/wp\/v2\/posts\/7641","targetHints":{"allow":["GET"]}}],"collection":[{"href":"http:\/\/traba.org\/trabablog\/index.php?rest_route=\/wp\/v2\/posts"}],"about":[{"href":"http:\/\/traba.org\/trabablog\/index.php?rest_route=\/wp\/v2\/types\/post"}],"author":[{"embeddable":true,"href":"http:\/\/traba.org\/trabablog\/index.php?rest_route=\/wp\/v2\/users\/5"}],"replies":[{"embeddable":true,"href":"http:\/\/traba.org\/trabablog\/index.php?rest_route=%2Fwp%2Fv2%2Fcomments&post=7641"}],"version-history":[{"count":2,"href":"http:\/\/traba.org\/trabablog\/index.php?rest_route=\/wp\/v2\/posts\/7641\/revisions"}],"predecessor-version":[{"id":7643,"href":"http:\/\/traba.org\/trabablog\/index.php?rest_route=\/wp\/v2\/posts\/7641\/revisions\/7643"}],"wp:featuredmedia":[{"embeddable":true,"href":"http:\/\/traba.org\/trabablog\/index.php?rest_route=\/wp\/v2\/media\/7638"}],"wp:attachment":[{"href":"http:\/\/traba.org\/trabablog\/index.php?rest_route=%2Fwp%2Fv2%2Fmedia&parent=7641"}],"wp:term":[{"taxonomy":"category","embeddable":true,"href":"http:\/\/traba.org\/trabablog\/index.php?rest_route=%2Fwp%2Fv2%2Fcategories&post=7641"},{"taxonomy":"post_tag","embeddable":true,"href":"http:\/\/traba.org\/trabablog\/index.php?rest_route=%2Fwp%2Fv2%2Ftags&post=7641"}],"curies":[{"name":"wp","href":"https:\/\/api.w.org\/{rel}","templated":true}]}}