{"id":7651,"date":"2012-12-06T20:48:50","date_gmt":"2012-12-06T19:48:50","guid":{"rendered":"http:\/\/www.traba.org\/trabablog\/?p=7651"},"modified":"2012-12-06T21:18:22","modified_gmt":"2012-12-06T20:18:22","slug":"ja-tenim-fibra-optica","status":"publish","type":"post","link":"http:\/\/traba.org\/trabablog\/?p=7651","title":{"rendered":"ja tenim fibra \u00f2ptica"},"content":{"rendered":"<p>a veure quan es deixa d&#8217;esgarrapar la cara la lola! mira que li tallo les ungles cada setmana, per\u00f2 tot i aix\u00ed, quan t\u00e9 son, no hi ha manera que no es vagi tocant la cara&#8230;<\/p>\n<p><img loading=\"lazy\" decoding=\"async\" src=\"http:\/\/www.traba.org\/trabablog\/wp-content\/uploads\/2012\/12\/IMG_1120.jpg\" alt=\"IMG_1120\" width=\"800\" height=\"1066\" \/><\/p>\n<p>aquesta setmana hem anat a la pelu. ja anava sent hora que portavem unes grenyes&#8230;<\/p>\n<p><img loading=\"lazy\" decoding=\"async\" src=\"http:\/\/www.traba.org\/trabablog\/wp-content\/uploads\/2012\/12\/2012-12-04-16.53.44.jpg\" alt=\"2012-12-04 16.53.44\" width=\"800\" height=\"1066\" \/><\/p>\n<p>banyada i amb el pijama.<\/p>\n<p><img loading=\"lazy\" decoding=\"async\" src=\"http:\/\/www.traba.org\/trabablog\/wp-content\/uploads\/2012\/12\/IMG_1123.jpg\" alt=\"IMG_1123\" width=\"800\" height=\"1066\" \/><\/p>\n<p>a punt de sortir corrents amb les sabates \ud83d\ude00<\/p>\n<p><img loading=\"lazy\" decoding=\"async\" src=\"http:\/\/www.traba.org\/trabablog\/wp-content\/uploads\/2012\/12\/2012-12-06-11.51.37.jpg\" alt=\"2012-12-06 11.51.37\" width=\"800\" height=\"1066\" \/><\/p>\n<p>i avui hem tingut visita a sitges!<\/p>\n<p><img loading=\"lazy\" decoding=\"async\" src=\"http:\/\/www.traba.org\/trabablog\/wp-content\/uploads\/2012\/12\/DSCF0356.jpg\" alt=\"DSCF0356\" width=\"800\" height=\"531\" \/><\/p>\n<p>hem anat a sitges perqu\u00e8 el nostre llit de barcelona cada cop est\u00e0 pitjor amb el seu nyec nyec cada cop que et mous. fins el dia 20 no ens porten el futon de 1,80 m que ens hem comprat \ud83d\ude42<\/p>\n<p><img loading=\"lazy\" decoding=\"async\" src=\"http:\/\/www.traba.org\/trabablog\/wp-content\/uploads\/2012\/12\/DSCF0365.jpg\" alt=\"DSCF0365\" width=\"800\" height=\"531\" \/><\/p>\n<p>ah, i no t\u00e9 res a veure amb les fotos, per\u00f2 ara tenim a barcelona fibra a 100 MB de baixada, amb el nou contracte de movistar de fusi\u00f3n. ll\u00e0stima que no tenim internet a sitges, que sin\u00f3 podr\u00edem mirar les series de casa amb el plex!<\/p>\n<p><img loading=\"lazy\" decoding=\"async\" src=\"http:\/\/www.traba.org\/trabablog\/wp-content\/uploads\/2012\/12\/DSCF0369.jpg\" alt=\"DSCF0369\" width=\"800\" height=\"531\" \/> a<\/p>\n","protected":false},"excerpt":{"rendered":"<p>a veure quan es deixa d&#8217;esgarrapar la cara la lola! mira que li tallo les ungles cada setmana, per\u00f2 tot i aix\u00ed, quan t\u00e9 son, no hi ha manera que&#8230;<\/p>\n","protected":false},"author":5,"featured_media":7648,"comment_status":"open","ping_status":"closed","sticky":false,"template":"","format":"standard","meta":{"_monsterinsights_skip_tracking":false,"_monsterinsights_sitenote_active":false,"_monsterinsights_sitenote_note":"","_monsterinsights_sitenote_category":0,"footnotes":""},"categories":[28],"tags":[100,89],"class_list":["post-7651","post","type-post","status-publish","format-standard","has-post-thumbnail","hentry","category-ordinary-days","tag-lola","tag-sitges"],"_links":{"self":[{"href":"http:\/\/traba.org\/trabablog\/index.php?rest_route=\/wp\/v2\/posts\/7651","targetHints":{"allow":["GET"]}}],"collection":[{"href":"http:\/\/traba.org\/trabablog\/index.php?rest_route=\/wp\/v2\/posts"}],"about":[{"href":"http:\/\/traba.org\/trabablog\/index.php?rest_route=\/wp\/v2\/types\/post"}],"author":[{"embeddable":true,"href":"http:\/\/traba.org\/trabablog\/index.php?rest_route=\/wp\/v2\/users\/5"}],"replies":[{"embeddable":true,"href":"http:\/\/traba.org\/trabablog\/index.php?rest_route=%2Fwp%2Fv2%2Fcomments&post=7651"}],"version-history":[{"count":2,"href":"http:\/\/traba.org\/trabablog\/index.php?rest_route=\/wp\/v2\/posts\/7651\/revisions"}],"predecessor-version":[{"id":7653,"href":"http:\/\/traba.org\/trabablog\/index.php?rest_route=\/wp\/v2\/posts\/7651\/revisions\/7653"}],"wp:featuredmedia":[{"embeddable":true,"href":"http:\/\/traba.org\/trabablog\/index.php?rest_route=\/wp\/v2\/media\/7648"}],"wp:attachment":[{"href":"http:\/\/traba.org\/trabablog\/index.php?rest_route=%2Fwp%2Fv2%2Fmedia&parent=7651"}],"wp:term":[{"taxonomy":"category","embeddable":true,"href":"http:\/\/traba.org\/trabablog\/index.php?rest_route=%2Fwp%2Fv2%2Fcategories&post=7651"},{"taxonomy":"post_tag","embeddable":true,"href":"http:\/\/traba.org\/trabablog\/index.php?rest_route=%2Fwp%2Fv2%2Ftags&post=7651"}],"curies":[{"name":"wp","href":"https:\/\/api.w.org\/{rel}","templated":true}]}}