{"id":7752,"date":"2012-12-23T20:55:01","date_gmt":"2012-12-23T19:55:01","guid":{"rendered":"http:\/\/www.traba.org\/trabablog\/?p=7752"},"modified":"2012-12-23T20:57:21","modified_gmt":"2012-12-23T19:57:21","slug":"i-venga-fotos-de-la-lola","status":"publish","type":"post","link":"http:\/\/traba.org\/trabablog\/?p=7752","title":{"rendered":"i venga fotos de la lola!"},"content":{"rendered":"<p>divendres a la sala d&#8217;espera de raval. no sabia qu\u00e8 li esperaven les vacunes pobreta!<\/p>\n<p><img loading=\"lazy\" decoding=\"async\" src=\"http:\/\/www.traba.org\/trabablog\/wp-content\/uploads\/2012\/12\/2012-12-21-09.49.56.jpg\" alt=\"2012-12-21 09.49.56\" width=\"800\" height=\"1066\" \/><\/p>\n<p>i despr\u00e9s a dinar a la f\u00e0brica moritz.<\/p>\n<p><img loading=\"lazy\" decoding=\"async\" src=\"http:\/\/www.traba.org\/trabablog\/wp-content\/uploads\/2012\/12\/IMG_1290.jpg\" alt=\"IMG_1290\" width=\"800\" height=\"1066\" \/><\/p>\n<p>ginger beer! mmm \ud83d\ude00<\/p>\n<p><img loading=\"lazy\" decoding=\"async\" src=\"http:\/\/www.traba.org\/trabablog\/wp-content\/uploads\/2012\/12\/IMG_1292.jpg\" alt=\"IMG_1292\" width=\"800\" height=\"1066\" \/><\/p>\n<p>dissabte, que divendres va ser una mala tarda per culpa de les vacunes. la lola tenia 2 estats: o dormint o plorant \ud83d\ude41 per cert, 6,7 kg i 62 cm de lola!<\/p>\n<p><img loading=\"lazy\" decoding=\"async\" src=\"http:\/\/www.traba.org\/trabablog\/wp-content\/uploads\/2012\/12\/2012-12-22-10.03.34.jpg\" alt=\"2012-12-22 10.03.34\" width=\"800\" height=\"1066\" \/><\/p>\n<p>i depr\u00e9s a esmorzar amb l&#8217;\u00e0via que se li havia caducat el WhatsApp. encara tenia l&#8217;ios 3!<\/p>\n<p><img loading=\"lazy\" decoding=\"async\" src=\"http:\/\/www.traba.org\/trabablog\/wp-content\/uploads\/2012\/12\/2012-12-22-10.55.39.jpg\" alt=\"2012-12-22 10.55.39\" width=\"800\" height=\"600\" \/><\/p>\n<p>aixecant el cap 90 graus, que \u00e9s el qu\u00e8 toca.<\/p>\n<p><img loading=\"lazy\" decoding=\"async\" src=\"http:\/\/www.traba.org\/trabablog\/wp-content\/uploads\/2012\/12\/2012-12-22-12.53.01.jpg\" alt=\"2012-12-22 12.53.01\" width=\"800\" height=\"1066\" \/><\/p>\n<p>rient.<\/p>\n<p><img loading=\"lazy\" decoding=\"async\" src=\"http:\/\/www.traba.org\/trabablog\/wp-content\/uploads\/2012\/12\/2012-12-22-17.46.07.jpg\" alt=\"2012-12-22 17.46.07\" width=\"800\" height=\"1066\" \/><\/p>\n<p>cridant.<\/p>\n<p><img loading=\"lazy\" decoding=\"async\" src=\"http:\/\/www.traba.org\/trabablog\/wp-content\/uploads\/2012\/12\/2012-12-22-17.57.45.jpg\" alt=\"2012-12-22 17.57.45\" width=\"800\" height=\"1068\" \/><\/p>\n<p>a veure quan gateja. ens haurem de comprar un rumba!<\/p>\n<p><img loading=\"lazy\" decoding=\"async\" src=\"http:\/\/www.traba.org\/trabablog\/wp-content\/uploads\/2012\/12\/2012-12-22-17.59.39.jpg\" alt=\"2012-12-22 17.59.39\" width=\"800\" height=\"1066\" \/><\/p>\n<p><a href=\"http:\/\/castellar-digital.blogspot.com.es\/2012\/01\/amanida-alemanya.html\" target=\"_blank\">amanida alemana del llibre de la fam\u00edlia del ferran adri\u00e0<\/a> (li agrada al francesc perqu\u00e8 d&#8217;amanida en t\u00e9 les patates) i <a href=\"http:\/\/www.jamieoliver.com\/recipes\" target=\"_blank\">amanida de salm\u00f3 del jamie oliver<\/a>.<\/p>\n<p><img loading=\"lazy\" decoding=\"async\" src=\"http:\/\/www.traba.org\/trabablog\/wp-content\/uploads\/2012\/12\/2012-12-22-20.51.09.jpg\" alt=\"2012-12-22 20.51.09\" width=\"800\" height=\"1066\" \/><\/p>\n<p>diumenge, jugant.<\/p>\n<p><img loading=\"lazy\" decoding=\"async\" src=\"http:\/\/www.traba.org\/trabablog\/wp-content\/uploads\/2012\/12\/2012-12-23-10.50.29.jpg\" alt=\"2012-12-23 10.50.29\" width=\"800\" height=\"1066\" \/><\/p>\n<p>i rient.<\/p>\n<p><img loading=\"lazy\" decoding=\"async\" src=\"http:\/\/www.traba.org\/trabablog\/wp-content\/uploads\/2012\/12\/2012-12-23-10.51.27.jpg\" alt=\"2012-12-23 10.51.27\" width=\"800\" height=\"1066\" \/><\/p>\n<p>i ja li ha vingut la son.<\/p>\n<p><img loading=\"lazy\" decoding=\"async\" src=\"http:\/\/www.traba.org\/trabablog\/wp-content\/uploads\/2012\/12\/2012-12-23-11.46.39.jpg\" alt=\"2012-12-23 11.46.39\" width=\"800\" height=\"1066\" \/><\/p>\n<p>dormint.<\/p>\n<p><img loading=\"lazy\" decoding=\"async\" src=\"http:\/\/www.traba.org\/trabablog\/wp-content\/uploads\/2012\/12\/IMG_1294.jpg\" alt=\"IMG_1294\" width=\"800\" height=\"1066\" \/><\/p>\n<p>a la cuna amb la seva funda nova.<\/p>\n<p><img loading=\"lazy\" decoding=\"async\" src=\"http:\/\/www.traba.org\/trabablog\/wp-content\/uploads\/2012\/12\/DSCF0391.jpg\" alt=\"DSCF0391\" width=\"800\" height=\"1204\" \/><\/p>\n<p>despertant-se.<\/p>\n<p><img loading=\"lazy\" decoding=\"async\" src=\"http:\/\/www.traba.org\/trabablog\/wp-content\/uploads\/2012\/12\/DSCF0396.jpg\" alt=\"DSCF0396\" width=\"800\" height=\"531\" \/><\/p>\n<p>el making off.<\/p>\n<p><img loading=\"lazy\" decoding=\"async\" src=\"http:\/\/www.traba.org\/trabablog\/wp-content\/uploads\/2012\/12\/2012-12-23-12.51.46.jpg\" alt=\"2012-12-23 12.51.46\" width=\"800\" height=\"1066\" \/><\/p>\n<p>i ara, agafeu un tovall\u00f3\u2026 per la baba, jeje \ud83d\ude00<\/p>\n<p><img loading=\"lazy\" decoding=\"async\" src=\"http:\/\/www.traba.org\/trabablog\/wp-content\/uploads\/2012\/12\/DSCF0397.jpg\" alt=\"DSCF0397\" width=\"800\" height=\"531\" \/> <img loading=\"lazy\" decoding=\"async\" src=\"http:\/\/www.traba.org\/trabablog\/wp-content\/uploads\/2012\/12\/DSCF0398.jpg\" alt=\"DSCF0398\" width=\"800\" height=\"531\" \/> <img loading=\"lazy\" decoding=\"async\" src=\"http:\/\/www.traba.org\/trabablog\/wp-content\/uploads\/2012\/12\/DSCF0400.jpg\" alt=\"DSCF0400\" width=\"800\" height=\"531\" \/><\/p>\n<p>aquesta hauria d&#8217;anar acompanyada d&#8217;un soroll tipus: &#8216;ahrmpf&#8217;.<\/p>\n<p><img loading=\"lazy\" decoding=\"async\" src=\"http:\/\/www.traba.org\/trabablog\/wp-content\/uploads\/2012\/12\/DSCF0411.jpg\" alt=\"DSCF0411\" width=\"800\" height=\"531\" \/> <img loading=\"lazy\" decoding=\"async\" src=\"http:\/\/www.traba.org\/trabablog\/wp-content\/uploads\/2012\/12\/DSCF0414.jpg\" alt=\"DSCF0414\" width=\"800\" height=\"1204\" \/> <img loading=\"lazy\" decoding=\"async\" src=\"http:\/\/www.traba.org\/trabablog\/wp-content\/uploads\/2012\/12\/DSCF0417.jpg\" alt=\"DSCF0417\" width=\"800\" height=\"531\" \/> <img loading=\"lazy\" decoding=\"async\" src=\"http:\/\/www.traba.org\/trabablog\/wp-content\/uploads\/2012\/12\/DSCF0421.jpg\" alt=\"DSCF0421\" width=\"800\" height=\"531\" \/> <img loading=\"lazy\" decoding=\"async\" src=\"http:\/\/www.traba.org\/trabablog\/wp-content\/uploads\/2012\/12\/DSCF0428.jpg\" alt=\"DSCF0428\" width=\"800\" height=\"531\" \/><\/p>\n<p>una de les seves postures preferides.<\/p>\n<p><img loading=\"lazy\" decoding=\"async\" src=\"http:\/\/www.traba.org\/trabablog\/wp-content\/uploads\/2012\/12\/2012-12-23-13.22.10.jpg\" alt=\"2012-12-23 13.22.10\" width=\"800\" height=\"1066\" \/><\/p>\n<p>practicant l&#8217;autofoto.<\/p>\n<p><img loading=\"lazy\" decoding=\"async\" src=\"http:\/\/www.traba.org\/trabablog\/wp-content\/uploads\/2012\/12\/IMG_1303.jpg\" alt=\"IMG_1303\" width=\"800\" height=\"1066\" \/><\/p>\n<p>a urquinaona.<\/p>\n<p><img loading=\"lazy\" decoding=\"async\" src=\"http:\/\/www.traba.org\/trabablog\/wp-content\/uploads\/2012\/12\/IMG_1316.jpg\" alt=\"IMG_1316\" width=\"800\" height=\"600\" \/><\/p>\n<p>i la lola sortint de la dutxa!!!<\/p>\n<p><img loading=\"lazy\" decoding=\"async\" src=\"http:\/\/www.traba.org\/trabablog\/wp-content\/uploads\/2012\/12\/DSCF0431.jpg\" alt=\"DSCF0431\" width=\"800\" height=\"531\" \/><\/p>\n","protected":false},"excerpt":{"rendered":"<p>divendres a la sala d&#8217;espera de raval. no sabia qu\u00e8 li esperaven les vacunes pobreta! i despr\u00e9s a dinar a la f\u00e0brica moritz. ginger beer! mmm \ud83d\ude00 dissabte, que divendres&#8230;<\/p>\n","protected":false},"author":5,"featured_media":7738,"comment_status":"open","ping_status":"closed","sticky":false,"template":"","format":"standard","meta":{"_monsterinsights_skip_tracking":false,"_monsterinsights_sitenote_active":false,"_monsterinsights_sitenote_note":"","_monsterinsights_sitenote_category":0,"footnotes":""},"categories":[28],"tags":[100],"class_list":["post-7752","post","type-post","status-publish","format-standard","has-post-thumbnail","hentry","category-ordinary-days","tag-lola"],"_links":{"self":[{"href":"http:\/\/traba.org\/trabablog\/index.php?rest_route=\/wp\/v2\/posts\/7752","targetHints":{"allow":["GET"]}}],"collection":[{"href":"http:\/\/traba.org\/trabablog\/index.php?rest_route=\/wp\/v2\/posts"}],"about":[{"href":"http:\/\/traba.org\/trabablog\/index.php?rest_route=\/wp\/v2\/types\/post"}],"author":[{"embeddable":true,"href":"http:\/\/traba.org\/trabablog\/index.php?rest_route=\/wp\/v2\/users\/5"}],"replies":[{"embeddable":true,"href":"http:\/\/traba.org\/trabablog\/index.php?rest_route=%2Fwp%2Fv2%2Fcomments&post=7752"}],"version-history":[{"count":3,"href":"http:\/\/traba.org\/trabablog\/index.php?rest_route=\/wp\/v2\/posts\/7752\/revisions"}],"predecessor-version":[{"id":7755,"href":"http:\/\/traba.org\/trabablog\/index.php?rest_route=\/wp\/v2\/posts\/7752\/revisions\/7755"}],"wp:featuredmedia":[{"embeddable":true,"href":"http:\/\/traba.org\/trabablog\/index.php?rest_route=\/wp\/v2\/media\/7738"}],"wp:attachment":[{"href":"http:\/\/traba.org\/trabablog\/index.php?rest_route=%2Fwp%2Fv2%2Fmedia&parent=7752"}],"wp:term":[{"taxonomy":"category","embeddable":true,"href":"http:\/\/traba.org\/trabablog\/index.php?rest_route=%2Fwp%2Fv2%2Fcategories&post=7752"},{"taxonomy":"post_tag","embeddable":true,"href":"http:\/\/traba.org\/trabablog\/index.php?rest_route=%2Fwp%2Fv2%2Ftags&post=7752"}],"curies":[{"name":"wp","href":"https:\/\/api.w.org\/{rel}","templated":true}]}}