{"id":8112,"date":"2013-01-05T11:06:18","date_gmt":"2013-01-05T10:06:18","guid":{"rendered":"http:\/\/www.traba.org\/trabablog\/?p=8112"},"modified":"2013-01-05T16:28:41","modified_gmt":"2013-01-05T15:28:41","slug":"finde-per-port-del-comte-planificacio","status":"publish","type":"post","link":"http:\/\/traba.org\/trabablog\/?p=8112","title":{"rendered":"finde per port del comte (planificaci\u00f3)"},"content":{"rendered":"<p>Objectiu: <a href=\"http:\/\/www.portdelcomte.net\/estiu\/index.php\" target=\"_blank\"><b>port del comte<\/b><\/a>. per\u00f2 la idea no \u00e9s esquiar, sin\u00f3 passar el rato, buscar geocach\u00e9s i veure la neu. ah, i <a href=\"http:\/\/www.portdelcomte.net\/trineus.php\" target=\"_blank\">anar amb trineu<\/a> \ud83d\ude00 per cert, que per preguntar i reservar s&#8217;ha de trucar: 973 49 23 01.<\/p>\n<p>Pel Port del Comte, hi ha un geocach\u00e9, el del &#8216;<a href=\"http:\/\/www.geocaching.com\/seek\/cache_details.aspx?wp=GC2DK1Q\" target=\"_blank\">parc aventura<\/a>&#8216;. no s\u00e9 si estar\u00e0 obert aquest parc vertical (em sembla que es diu), perqu\u00e8 \u00e9s una <a href=\"http:\/\/www.portdelcomte.net\/estiu\/parc-aventura.php\" target=\"_blank\">activitat d&#8217;estiu<\/a>, ja mirarem. \u00e9s que hi ha una tirulina ^_^<\/p>\n<p><img loading=\"lazy\" decoding=\"async\" alt=\"201301051012.jpg\" src=\"http:\/\/www.traba.org\/trabablog\/wp-content\/uploads\/2013\/01\/201301051012.jpg\" width=\"800\" height=\"533\" \/><\/p>\n<p>Anirem a aquesta casa, <a href=\"http:\/\/www.toprural.com\/Casa-rural-alquiler-%C3%ADntegro\/Cal-Marti_25584_f.html\" target=\"_blank\">cal mart\u00ed 2<\/a>, que \u00e9s per 6 persones i t\u00e9 bones cr\u00edtiques a 10 km de l&#8217;estaci\u00f3 d&#8217;esqu\u00ed de port del comte. La casa t\u00e9 barbacoa, aix\u00ed que podem portar un cordero, i si fa sol, podem fer-lo a la barbacoa, i sin\u00f3, pos a la brasa.<\/p>\n<p><b>Geocach\u00e9s de la zona<\/b><\/p>\n<p><a href=\"http:\/\/www.geocaching.com\/seek\/cache_details.aspx?wp=GC2A33N\" target=\"_blank\">Sant Serni del Grau<\/a>: est\u00e0 en una hermita rom\u00e0nica. Est\u00e0 a 800 metres de la casa. Indicacions pel geocach\u00e9: &#8216;<em>Per arribar-hi tindreu d\u2019agafar l\u2019antiga carretera de Sant Lloren\u00e7 de Morunys a Solsona LV-4241 en direcci\u00f3 a Coll de Jou. Aproximadament a poc m\u00e9s d\u2019un quil\u00f2metre del poble deixeu la carretera i seguiu per una pista asfaltada molt ben indicada com a \u201cSantuari de Lord\u201d. De seguida trobareu l\u2019ermita de Sant Serni. Deixeu el vostre vehicle all\u00e0 i continueu a peu fins al catx\u00e9<\/em>&#8216;.<\/p>\n<p><img loading=\"lazy\" decoding=\"async\" alt=\"201301050953.jpg\" src=\"http:\/\/www.traba.org\/trabablog\/wp-content\/uploads\/2013\/01\/201301050953.jpg\" width=\"800\" height=\"600\" \/><\/p>\n<p><b>I seguint per la carretera, hi ha el\u00a0<a href=\"http:\/\/www.minube.com\/rincon\/santuari-de-lord-y-pantano-de-la-llosa-del-cavall-a594571\" target=\"_blank\">Santuari de Lord<\/a><\/b>\u00a0(a 1 km, 20 min). Es pot fer per all\u00e0 una\u00a0<a href=\"http:\/\/ca.wikiloc.com\/wikiloc\/view.do?id=3248513\" target=\"_blank\">volta de 1,4 km<\/a>. El cotxe es deixa a sota el p\u00e0rking, i es puja per cam\u00ed de pedres i escales a dalt del santuari. La gr\u00e0cia s\u00f3n les vistes.<\/p>\n<p><img loading=\"lazy\" decoding=\"async\" alt=\"201301051050.jpg\" src=\"http:\/\/www.traba.org\/trabablog\/wp-content\/uploads\/2013\/01\/201301051050.jpg\" width=\"800\" height=\"600\" \/><\/p>\n<p>Per <b>Sant Lloren\u00e7 de Morunys<\/b>, a 2,4 km de la casa, hi ha varios geocach\u00e9s.<\/p>\n<p><a href=\"http:\/\/www.geocaching.com\/seek\/cache_details.aspx?wp=GC2BF6H\" target=\"_blank\">Zona escolar<\/a>.<\/p>\n<p><a href=\"http:\/\/www.geocaching.com\/seek\/cache_details.aspx?wp=GC2BF2C\" target=\"_blank\">Capella de la pietat<\/a>.<\/p>\n<p><a href=\"http:\/\/www.geocaching.com\/seek\/cache_details.aspx?wp=GC2BF5T\" target=\"_blank\">Caseta de la creu roja<\/a>.<\/p>\n<p><a href=\"http:\/\/www.geocaching.com\/seek\/cache_details.aspx?wp=GC2BF3C\" target=\"_blank\">Pla\u00e7a de l&#8217;esgl\u00e9sia<\/a>.<\/p>\n<p><a href=\"http:\/\/www.geocaching.com\/seek\/cache_details.aspx?wp=GC2BF1M\" target=\"_blank\">Cap del puit<\/a>.<\/p>\n<p><a href=\"http:\/\/www.geocaching.com\/seek\/cache_details.aspx?wp=GC2BF4F\" target=\"_blank\">Pont de Vallonga<\/a>.<\/p>\n<p>Per menjar per all\u00e0 sembla que hi ha pocs llocs. Nom\u00e9s he trobat aquest <a href=\"http:\/\/www.tripadvisor.es\/Restaurant_Review-g2284081-d3700849-Reviews-Restaurant_Hostal_la_Catalana-Sant_Llorenc_de_Morunys_Province_of_Lleida_Catalon.html\" target=\"_blank\">hostal la Catalana<\/a>.<\/p>\n<p>A <a href=\"http:\/\/www.geocaching.com\/seek\/cache_details.aspx?wp=GCRN79\" target=\"_blank\"><b>Cod\u00f3<\/b><\/a>, a un poble a l&#8217;esquerra de la casa a 9 km, hi ha tamb\u00e9 un geocach\u00e9 en un mirador. Tot i que per les fotos, d\u00f3na una mica de vert\u00edgen\u2026 potser millor deixar-ho. Sobretot si hi ha neu.<\/p>\n<p><img loading=\"lazy\" decoding=\"async\" alt=\"201301051027.jpg\" src=\"http:\/\/www.traba.org\/trabablog\/wp-content\/uploads\/2013\/01\/201301051027.jpg\" width=\"800\" height=\"600\" \/><\/p>\n<p>I <b>de cam\u00ed de la casa a port del comte<\/b>, hi ha 2 geocach\u00e9s:<\/p>\n<p>El <a href=\"http:\/\/www.geocaching.com\/seek\/cache_details.aspx?wp=GC40M9T\" target=\"_blank\">roc cairat<\/a>. S&#8217;ha de caminar una mica i s&#8217;arriba a una roca amb vistes.<\/p>\n<p><a href=\"http:\/\/www.geocaching.com\/seek\/cache_details.aspx?wp=GC2DK02\" target=\"_blank\">Zona de vol Alitoh<\/a>, la gr\u00e0cia \u00e9s veure tots els parapents volent per all\u00e0. Per alguna seria anar en parapent, per\u00f2 jo s\u00f3c d&#8217;aigua, no d&#8217;aire\u2026<\/p>\n<p><img loading=\"lazy\" decoding=\"async\" alt=\"201301051020.jpg\" src=\"http:\/\/www.traba.org\/trabablog\/wp-content\/uploads\/2013\/01\/201301051020.jpg\" width=\"800\" height=\"600\" \/><\/p>\n<p>&nbsp;<\/p>\n<p><b>Embassament de la Llosa del Cavall<\/b> (a 3 km). Es pot veure des del Santuari de Lord. Hi ha un <a href=\"http:\/\/www.geocaching.com\/seek\/cache_details.aspx?wp=GC21CA7\" target=\"_blank\">geocach\u00e9<\/a>, que jo a priori no hi aniria a veure una presa. Per\u00f2 el poso per tenir-lo.<\/p>\n<p><b>La <a href=\"http:\/\/www.comapedra.cat\/index.html\" target=\"_blank\">Coma<\/a><\/b> (a 8 km), un poblet d&#8217;aquests de revista&#8230;<\/p>\n<p><b>Fonts del Cardener<\/b> (a 9 km), tamb\u00e9 hi ha un <a href=\"http:\/\/www.geocaching.com\/seek\/cache_details.aspx?wp=GC1KJ0N\" target=\"_blank\">geocach\u00e9<\/a>. Prop hi ha un restaurant, les <a href=\"http:\/\/www.minube.com\/rincon\/restaurante-fonts-del-cardener-a105179\" target=\"_blank\">fonts del Cardener<\/a>.<\/p>\n<p><img loading=\"lazy\" decoding=\"async\" alt=\"201301051101.jpg\" src=\"http:\/\/www.traba.org\/trabablog\/wp-content\/uploads\/2013\/01\/201301051101.jpg\" width=\"800\" height=\"533\" \/><\/p>\n<p style=\"text-align: start;\">I res, que si ens agrada la zona podrem venir a fer tot el qu\u00e8 ens falti a la primavera \ud83d\ude09<\/p>\n<p style=\"text-align: start;\">Si alg\u00fa que ens llegeix coneix la zona i t\u00e9 alguna cosa a dir, que no es calli!<\/p>\n","protected":false},"excerpt":{"rendered":"<p>Objectiu: port del comte. per\u00f2 la idea no \u00e9s esquiar, sin\u00f3 passar el rato, buscar geocach\u00e9s i veure la neu. ah, i anar amb trineu \ud83d\ude00 per cert, que per&#8230;<\/p>\n","protected":false},"author":5,"featured_media":8111,"comment_status":"open","ping_status":"closed","sticky":false,"template":"","format":"standard","meta":{"_monsterinsights_skip_tracking":false,"_monsterinsights_sitenote_active":false,"_monsterinsights_sitenote_note":"","_monsterinsights_sitenote_category":0,"footnotes":""},"categories":[28],"tags":[40,78,68],"class_list":["post-8112","post","type-post","status-publish","format-standard","has-post-thumbnail","hentry","category-ordinary-days","tag-geocaching","tag-hivern","tag-wikiloc"],"_links":{"self":[{"href":"http:\/\/traba.org\/trabablog\/index.php?rest_route=\/wp\/v2\/posts\/8112","targetHints":{"allow":["GET"]}}],"collection":[{"href":"http:\/\/traba.org\/trabablog\/index.php?rest_route=\/wp\/v2\/posts"}],"about":[{"href":"http:\/\/traba.org\/trabablog\/index.php?rest_route=\/wp\/v2\/types\/post"}],"author":[{"embeddable":true,"href":"http:\/\/traba.org\/trabablog\/index.php?rest_route=\/wp\/v2\/users\/5"}],"replies":[{"embeddable":true,"href":"http:\/\/traba.org\/trabablog\/index.php?rest_route=%2Fwp%2Fv2%2Fcomments&post=8112"}],"version-history":[{"count":12,"href":"http:\/\/traba.org\/trabablog\/index.php?rest_route=\/wp\/v2\/posts\/8112\/revisions"}],"predecessor-version":[{"id":8122,"href":"http:\/\/traba.org\/trabablog\/index.php?rest_route=\/wp\/v2\/posts\/8112\/revisions\/8122"}],"wp:featuredmedia":[{"embeddable":true,"href":"http:\/\/traba.org\/trabablog\/index.php?rest_route=\/wp\/v2\/media\/8111"}],"wp:attachment":[{"href":"http:\/\/traba.org\/trabablog\/index.php?rest_route=%2Fwp%2Fv2%2Fmedia&parent=8112"}],"wp:term":[{"taxonomy":"category","embeddable":true,"href":"http:\/\/traba.org\/trabablog\/index.php?rest_route=%2Fwp%2Fv2%2Fcategories&post=8112"},{"taxonomy":"post_tag","embeddable":true,"href":"http:\/\/traba.org\/trabablog\/index.php?rest_route=%2Fwp%2Fv2%2Ftags&post=8112"}],"curies":[{"name":"wp","href":"https:\/\/api.w.org\/{rel}","templated":true}]}}