{"id":8154,"date":"2013-01-12T17:49:44","date_gmt":"2013-01-12T16:49:44","guid":{"rendered":"http:\/\/www.traba.org\/trabablog\/?p=8154"},"modified":"2013-01-16T17:57:00","modified_gmt":"2013-01-16T16:57:00","slug":"i-chapum","status":"publish","type":"post","link":"http:\/\/traba.org\/trabablog\/?p=8154","title":{"rendered":"i&#8230; chapum!"},"content":{"rendered":"<p>les hamburgueses del kiosko burguer. s\u00f3n m\u00e9s variades que les del pim-pam i diferents.<\/p>\n<p><img loading=\"lazy\" decoding=\"async\" alt=\"2012-12-30 13.22.50\" src=\"http:\/\/www.traba.org\/trabablog\/wp-content\/uploads\/2013\/01\/2012-12-30-13.22.50.jpg\" width=\"800\" height=\"1066\" \/><\/p>\n<p>les restes de la celebraci\u00f3 del cap d&#8217;any samoense \ud83d\ude00<\/p>\n<p><img loading=\"lazy\" decoding=\"async\" alt=\"DSCF0484\" src=\"http:\/\/www.traba.org\/trabablog\/wp-content\/uploads\/2013\/01\/DSCF0484.jpg\" width=\"800\" height=\"531\" \/><\/p>\n<p>a ca la nuri amb la susana (i el dani que no es veu).<\/p>\n<p><img loading=\"lazy\" decoding=\"async\" alt=\"2013-01-02 16.37.48\" src=\"http:\/\/www.traba.org\/trabablog\/wp-content\/uploads\/2013\/01\/2013-01-02-16.37.48.jpg\" width=\"800\" height=\"800\" \/><\/p>\n<p>i al dia seg\u00fcent, la lola estava malaltona \ud83d\ude41<\/p>\n<p><img loading=\"lazy\" decoding=\"async\" alt=\"DSCF0487\" src=\"http:\/\/www.traba.org\/trabablog\/wp-content\/uploads\/2013\/01\/DSCF0487.jpg\" width=\"800\" height=\"531\" \/> <img loading=\"lazy\" decoding=\"async\" alt=\"DSCF0491\" src=\"http:\/\/www.traba.org\/trabablog\/wp-content\/uploads\/2013\/01\/DSCF0491.jpg\" width=\"800\" height=\"531\" \/> <img loading=\"lazy\" decoding=\"async\" alt=\"DSCF0499\" src=\"http:\/\/www.traba.org\/trabablog\/wp-content\/uploads\/2013\/01\/DSCF0499.jpg\" width=\"800\" height=\"531\" \/><\/p>\n<p>i com que necessitarem 2 trones, una per barcelona i una altra per balsareny, ens vam decidir a anar a comprar-ne una ara que ens hem decidit. i la veritat \u00e9s que est\u00e0 encantada!<\/p>\n<p><img loading=\"lazy\" decoding=\"async\" alt=\"DSCF0501\" src=\"http:\/\/www.traba.org\/trabablog\/wp-content\/uploads\/2013\/01\/DSCF0501.jpg\" width=\"800\" height=\"531\" \/><\/p>\n<p>l&#8217;ipad&#8230;<\/p>\n<p><img loading=\"lazy\" decoding=\"async\" alt=\"2013-01-07 09.29.27\" src=\"http:\/\/www.traba.org\/trabablog\/wp-content\/uploads\/2013\/01\/2013-01-07-09.29.27.jpg\" width=\"800\" height=\"1066\" \/> <img loading=\"lazy\" decoding=\"async\" alt=\"DSCF0506\" src=\"http:\/\/www.traba.org\/trabablog\/wp-content\/uploads\/2013\/01\/DSCF0506.jpg\" width=\"800\" height=\"531\" \/> <img loading=\"lazy\" decoding=\"async\" alt=\"DSCF0508\" src=\"http:\/\/www.traba.org\/trabablog\/wp-content\/uploads\/2013\/01\/DSCF0508.jpg\" width=\"800\" height=\"531\" \/><\/p>\n<p>al norte. el del fondo \u00e9s el cuiner.<\/p>\n<p><img loading=\"lazy\" decoding=\"async\" alt=\"2013-01-07 12.30.55\" src=\"http:\/\/www.traba.org\/trabablog\/wp-content\/uploads\/2013\/01\/2013-01-07-12.30.55.jpg\" width=\"800\" height=\"600\" \/><\/p>\n<p>el barbapap\u00e1 llumin\u00f3s.<\/p>\n<p><img loading=\"lazy\" decoding=\"async\" alt=\"2013-01-08 07.57.18\" src=\"http:\/\/www.traba.org\/trabablog\/wp-content\/uploads\/2013\/01\/2013-01-08-07.57.18.jpg\" width=\"800\" height=\"1066\" \/><\/p>\n<p>les manoples noves de la lola.<\/p>\n<p><img loading=\"lazy\" decoding=\"async\" alt=\"2013-01-11 11.17.58\" src=\"http:\/\/www.traba.org\/trabablog\/wp-content\/uploads\/2013\/01\/2013-01-11-11.17.58.jpg\" width=\"800\" height=\"1066\" \/><\/p>\n<p>i avui\u2026 cap a la piscina!<\/p>\n<p><img loading=\"lazy\" decoding=\"async\" alt=\"2013-01-12 10.05.58\" src=\"http:\/\/www.traba.org\/trabablog\/wp-content\/uploads\/2013\/01\/2013-01-12-10.05.58.jpg\" width=\"800\" height=\"1066\" \/><\/p>\n<p>per ser el primer dia ha anat molt b\u00e9 \ud83d\ude42<\/p>\n<p><img loading=\"lazy\" decoding=\"async\" alt=\"2013-01-12 10.44.07\" src=\"http:\/\/www.traba.org\/trabablog\/wp-content\/uploads\/2013\/01\/2013-01-12-10.44.07.jpg\" width=\"800\" height=\"1066\" \/> <img loading=\"lazy\" decoding=\"async\" alt=\"2013-01-12 10.59.43\" src=\"http:\/\/www.traba.org\/trabablog\/wp-content\/uploads\/2013\/01\/2013-01-12-10.59.43.jpg\" width=\"800\" height=\"1066\" \/><\/p>\n<p>ha quedat feta pols per aix\u00f2. de 30 minuts de migdiada que fa normalment, n&#8217;ha fet 2 hores 20 minuts!<\/p>\n<p><img loading=\"lazy\" decoding=\"async\" alt=\"2013-01-12 12.40.40\" src=\"http:\/\/www.traba.org\/trabablog\/wp-content\/uploads\/2013\/01\/2013-01-12-12.40.40.jpg\" width=\"800\" height=\"600\" \/><\/p>\n<p>i despr\u00e9s al carrer parlament hi falta gent. un vermutillu&#8230;<\/p>\n<p><img loading=\"lazy\" decoding=\"async\" alt=\"2013-01-12 14.01.11\" src=\"http:\/\/www.traba.org\/trabablog\/wp-content\/uploads\/2013\/01\/2013-01-12-14.01.11.jpg\" width=\"800\" height=\"240\" \/><\/p>\n<p>jugant amb el xavi\u2026 el dels objectius radioactius\u2026 jeje \ud83d\ude42<\/p>\n<p><img loading=\"lazy\" decoding=\"async\" alt=\"2013-01-12 14.08.51\" src=\"http:\/\/www.traba.org\/trabablog\/wp-content\/uploads\/2013\/01\/2013-01-12-14.08.51.jpg\" width=\"800\" height=\"600\" \/><\/p>\n<p>i dem\u00e0 a patinar!<\/p>\n","protected":false},"excerpt":{"rendered":"<p>les hamburgueses del kiosko burguer. s\u00f3n m\u00e9s variades que les del pim-pam i diferents. les restes de la celebraci\u00f3 del cap d&#8217;any samoense \ud83d\ude00 a ca la nuri amb la&#8230;<\/p>\n","protected":false},"author":5,"featured_media":8152,"comment_status":"open","ping_status":"closed","sticky":false,"template":"","format":"standard","meta":{"_monsterinsights_skip_tracking":false,"_monsterinsights_sitenote_active":false,"_monsterinsights_sitenote_note":"","_monsterinsights_sitenote_category":0,"footnotes":""},"categories":[28],"tags":[104,78,100,45,74,88],"class_list":["post-8154","post","type-post","status-publish","format-standard","has-post-thumbnail","hentry","category-ordinary-days","tag-firsts","tag-hivern","tag-lola","tag-menjar","tag-piscina","tag-tapes"],"_links":{"self":[{"href":"http:\/\/traba.org\/trabablog\/index.php?rest_route=\/wp\/v2\/posts\/8154","targetHints":{"allow":["GET"]}}],"collection":[{"href":"http:\/\/traba.org\/trabablog\/index.php?rest_route=\/wp\/v2\/posts"}],"about":[{"href":"http:\/\/traba.org\/trabablog\/index.php?rest_route=\/wp\/v2\/types\/post"}],"author":[{"embeddable":true,"href":"http:\/\/traba.org\/trabablog\/index.php?rest_route=\/wp\/v2\/users\/5"}],"replies":[{"embeddable":true,"href":"http:\/\/traba.org\/trabablog\/index.php?rest_route=%2Fwp%2Fv2%2Fcomments&post=8154"}],"version-history":[{"count":2,"href":"http:\/\/traba.org\/trabablog\/index.php?rest_route=\/wp\/v2\/posts\/8154\/revisions"}],"predecessor-version":[{"id":8170,"href":"http:\/\/traba.org\/trabablog\/index.php?rest_route=\/wp\/v2\/posts\/8154\/revisions\/8170"}],"wp:featuredmedia":[{"embeddable":true,"href":"http:\/\/traba.org\/trabablog\/index.php?rest_route=\/wp\/v2\/media\/8152"}],"wp:attachment":[{"href":"http:\/\/traba.org\/trabablog\/index.php?rest_route=%2Fwp%2Fv2%2Fmedia&parent=8154"}],"wp:term":[{"taxonomy":"category","embeddable":true,"href":"http:\/\/traba.org\/trabablog\/index.php?rest_route=%2Fwp%2Fv2%2Fcategories&post=8154"},{"taxonomy":"post_tag","embeddable":true,"href":"http:\/\/traba.org\/trabablog\/index.php?rest_route=%2Fwp%2Fv2%2Ftags&post=8154"}],"curies":[{"name":"wp","href":"https:\/\/api.w.org\/{rel}","templated":true}]}}