{"id":8193,"date":"2013-01-25T09:46:16","date_gmt":"2013-01-25T08:46:16","guid":{"rendered":"http:\/\/www.traba.org\/trabablog\/?p=8193"},"modified":"2013-01-25T09:47:15","modified_gmt":"2013-01-25T08:47:15","slug":"la-lola-comenca-a-seure","status":"publish","type":"post","link":"http:\/\/traba.org\/trabablog\/?p=8193","title":{"rendered":"la lola comen\u00e7a a seure"},"content":{"rendered":"<p>ana, actualitzo \ud83d\ude09<\/p>\n<p>aquestes s\u00f3n les fotos que va fer el xavi l&#8217;altre dia que va venir per casa amb el seu 50 mm a 1,4.<\/p>\n<p><img loading=\"lazy\" decoding=\"async\" alt=\"IMG_2695\" src=\"http:\/\/www.traba.org\/trabablog\/wp-content\/uploads\/2013\/01\/IMG_2695.jpg\" width=\"800\" height=\"1200\" \/> <img loading=\"lazy\" decoding=\"async\" alt=\"IMG_2728\" src=\"http:\/\/www.traba.org\/trabablog\/wp-content\/uploads\/2013\/01\/IMG_2728.jpg\" width=\"800\" height=\"533\" \/> <img loading=\"lazy\" decoding=\"async\" alt=\"IMG_2732\" src=\"http:\/\/www.traba.org\/trabablog\/wp-content\/uploads\/2013\/01\/IMG_2732.jpg\" width=\"800\" height=\"533\" \/> <img loading=\"lazy\" decoding=\"async\" alt=\"IMG_2735\" src=\"http:\/\/www.traba.org\/trabablog\/wp-content\/uploads\/2013\/01\/IMG_2735.jpg\" width=\"800\" height=\"533\" \/><\/p>\n<p>i aqu\u00ed ja s\u00f3n fotos fetes amb l&#8217;iphone. a la lola li va sortint m\u00e9s cabell, i quan ha dormit prou i est\u00e0 descansada va tolerant m\u00e9s aquesta postura. tot i que moltes vegades es gira panxa avall i immediatament es posa a plorar. poques vegades sap tornar enrere.<\/p>\n<p><img loading=\"lazy\" decoding=\"async\" alt=\"2013-01-22 13.28.14\" src=\"http:\/\/www.traba.org\/trabablog\/wp-content\/uploads\/2013\/01\/2013-01-22-13.28.14.jpg\" width=\"800\" height=\"1066\" \/><\/p>\n<p>\u00faltimament tamb\u00e9 sembla que comenci a voler seure. de tant en tant, per\u00f2, cau o cap enrere o cap endavant i aix\u00f2 tampoc li agrada massa.<\/p>\n<p><img loading=\"lazy\" decoding=\"async\" alt=\"2013-01-22 13.40.59\" src=\"http:\/\/www.traba.org\/trabablog\/wp-content\/uploads\/2013\/01\/2013-01-22-13.40.59.jpg\" width=\"800\" height=\"1066\" \/><\/p>\n<p>aquesta cara tamb\u00e9 l&#8217;ha comen\u00e7at a posar \u00faltimament. com si es meng\u00e9s el llavi de sota, apretant la geniva. la gl\u00f2ria diu que \u00e9s que li han de sortir les dents. per\u00f2 jo no li veig cap dent de moment.<\/p>\n<p><img loading=\"lazy\" decoding=\"async\" alt=\"2013-01-22 13.41.52\" src=\"http:\/\/www.traba.org\/trabablog\/wp-content\/uploads\/2013\/01\/2013-01-22-13.41.52.jpg\" width=\"800\" height=\"600\" \/><\/p>\n<p>dimecres vam anar a ikea a comprar un moble pel rebedor, i algunes coses de la secci\u00f3 &#8216;almazenaje&#8217; que necessito ordre amb tots els trastos. quan el tingui muntat ja far\u00e9 la foto.<\/p>\n<p><img loading=\"lazy\" decoding=\"async\" alt=\"2013-01-23 11.43.04\" src=\"http:\/\/www.traba.org\/trabablog\/wp-content\/uploads\/2013\/01\/2013-01-23-11.43.04.jpg\" width=\"800\" height=\"1066\" \/><\/p>\n<p>anem practicant a seure, que per menjar b\u00e9 un ha de saber seure! de moment tenim la intenci\u00f3 d&#8217;esperar fins el 11 de febrer per comen\u00e7ar a menjar, per\u00f2 la veritat \u00e9s que tenim la sensaci\u00f3 que ja podria menjar perfectament.. si mires les habilitats d&#8217;aquesta <a href=\"https:\/\/www.youtube.com\/playlist?list=PLB2295E372F917E4C\" target=\"_blank\">nena del youtube<\/a> del baby led weaning, jo crec que la lola ja pot fer el qu\u00e8 fa ella. per\u00f2 mira, ens estem esperant no sabem ben b\u00e9 per qu\u00e8 fins els 5 i mig&#8230;<\/p>\n<p><img loading=\"lazy\" decoding=\"async\" alt=\"2013-01-23 14.18.17\" src=\"http:\/\/www.traba.org\/trabablog\/wp-content\/uploads\/2013\/01\/2013-01-23-14.18.17.jpg\" width=\"800\" height=\"600\" \/><\/p>\n","protected":false},"excerpt":{"rendered":"<p>ana, actualitzo \ud83d\ude09 aquestes s\u00f3n les fotos que va fer el xavi l&#8217;altre dia que va venir per casa amb el seu 50 mm a 1,4. i aqu\u00ed ja s\u00f3n&#8230;<\/p>\n","protected":false},"author":5,"featured_media":8190,"comment_status":"open","ping_status":"closed","sticky":false,"template":"","format":"standard","meta":{"_monsterinsights_skip_tracking":false,"_monsterinsights_sitenote_active":false,"_monsterinsights_sitenote_note":"","_monsterinsights_sitenote_category":0,"footnotes":""},"categories":[28],"tags":[100],"class_list":["post-8193","post","type-post","status-publish","format-standard","has-post-thumbnail","hentry","category-ordinary-days","tag-lola"],"_links":{"self":[{"href":"http:\/\/traba.org\/trabablog\/index.php?rest_route=\/wp\/v2\/posts\/8193","targetHints":{"allow":["GET"]}}],"collection":[{"href":"http:\/\/traba.org\/trabablog\/index.php?rest_route=\/wp\/v2\/posts"}],"about":[{"href":"http:\/\/traba.org\/trabablog\/index.php?rest_route=\/wp\/v2\/types\/post"}],"author":[{"embeddable":true,"href":"http:\/\/traba.org\/trabablog\/index.php?rest_route=\/wp\/v2\/users\/5"}],"replies":[{"embeddable":true,"href":"http:\/\/traba.org\/trabablog\/index.php?rest_route=%2Fwp%2Fv2%2Fcomments&post=8193"}],"version-history":[{"count":1,"href":"http:\/\/traba.org\/trabablog\/index.php?rest_route=\/wp\/v2\/posts\/8193\/revisions"}],"predecessor-version":[{"id":8195,"href":"http:\/\/traba.org\/trabablog\/index.php?rest_route=\/wp\/v2\/posts\/8193\/revisions\/8195"}],"wp:featuredmedia":[{"embeddable":true,"href":"http:\/\/traba.org\/trabablog\/index.php?rest_route=\/wp\/v2\/media\/8190"}],"wp:attachment":[{"href":"http:\/\/traba.org\/trabablog\/index.php?rest_route=%2Fwp%2Fv2%2Fmedia&parent=8193"}],"wp:term":[{"taxonomy":"category","embeddable":true,"href":"http:\/\/traba.org\/trabablog\/index.php?rest_route=%2Fwp%2Fv2%2Fcategories&post=8193"},{"taxonomy":"post_tag","embeddable":true,"href":"http:\/\/traba.org\/trabablog\/index.php?rest_route=%2Fwp%2Fv2%2Ftags&post=8193"}],"curies":[{"name":"wp","href":"https:\/\/api.w.org\/{rel}","templated":true}]}}