{"id":8321,"date":"2013-02-20T09:54:50","date_gmt":"2013-02-20T08:54:50","guid":{"rendered":"http:\/\/www.traba.org\/trabablog\/?p=8321"},"modified":"2013-02-20T10:04:42","modified_gmt":"2013-02-20T09:04:42","slug":"blw-dies-11-a-16","status":"publish","type":"post","link":"http:\/\/traba.org\/trabablog\/?p=8321","title":{"rendered":"BLW dies 11 a 16"},"content":{"rendered":"<p><iframe loading=\"lazy\" src=\"http:\/\/www.youtube.com\/embed\/ku73FX6FFa0\" height=\"360\" width=\"640\" allowfullscreen=\"\" frameborder=\"0\"><\/iframe><\/p>\n<p>La pastenaga li agrada i no fa molt de merder. El pl\u00e0tan tamb\u00e9, tallada una meitat en 4 trossos. El problema \u00e9s que si est\u00e0 molt madur, se li trenca a les mans.<\/p>\n<p>L&#8217;alvocat \u00e9s el que li agrada m\u00e9s per\u00f2 \u00e9s una marranada. I no se&#8217;n va de la roba aix\u00ed com aix\u00ed.<\/p>\n<p>Les torrades, les hem de millorar. Llepa el qu\u00e8 hi ha sucat per\u00f2 el pa no se&#8217;l menja. Potser perqu\u00e8 aquest pa \u00e9s integral? \u00c9s que a Baluard l&#8217;\u00fanic pa de motlle que tenien era amb llet. La propera vegada provarem amb Barceloneta.<\/p>\n<p>La patata li agrada. La blanca fa m\u00e9s merder que la Canabec.<\/p>\n<p>I els macarrons <a href=\"http:\/\/www.dececco.it\/ES\/Los-Productos\/\" target=\"_blank\">De Cecco<\/a>, es queden massa durs. Hem de provar una altra marca.<\/p>\n","protected":false},"excerpt":{"rendered":"<p>La pastenaga li agrada i no fa molt de merder. El pl\u00e0tan tamb\u00e9, tallada una meitat en 4 trossos. El problema \u00e9s que si est\u00e0 molt madur, se li trenca&#8230;<\/p>\n","protected":false},"author":5,"featured_media":8315,"comment_status":"open","ping_status":"open","sticky":false,"template":"","format":"standard","meta":{"_monsterinsights_skip_tracking":false,"_monsterinsights_sitenote_active":false,"_monsterinsights_sitenote_note":"","_monsterinsights_sitenote_category":0,"footnotes":""},"categories":[28],"tags":[106,100,45],"class_list":["post-8321","post","type-post","status-publish","format-standard","has-post-thumbnail","hentry","category-ordinary-days","tag-baby-led-weaning","tag-lola","tag-menjar"],"_links":{"self":[{"href":"http:\/\/traba.org\/trabablog\/index.php?rest_route=\/wp\/v2\/posts\/8321","targetHints":{"allow":["GET"]}}],"collection":[{"href":"http:\/\/traba.org\/trabablog\/index.php?rest_route=\/wp\/v2\/posts"}],"about":[{"href":"http:\/\/traba.org\/trabablog\/index.php?rest_route=\/wp\/v2\/types\/post"}],"author":[{"embeddable":true,"href":"http:\/\/traba.org\/trabablog\/index.php?rest_route=\/wp\/v2\/users\/5"}],"replies":[{"embeddable":true,"href":"http:\/\/traba.org\/trabablog\/index.php?rest_route=%2Fwp%2Fv2%2Fcomments&post=8321"}],"version-history":[{"count":2,"href":"http:\/\/traba.org\/trabablog\/index.php?rest_route=\/wp\/v2\/posts\/8321\/revisions"}],"predecessor-version":[{"id":8323,"href":"http:\/\/traba.org\/trabablog\/index.php?rest_route=\/wp\/v2\/posts\/8321\/revisions\/8323"}],"wp:featuredmedia":[{"embeddable":true,"href":"http:\/\/traba.org\/trabablog\/index.php?rest_route=\/wp\/v2\/media\/8315"}],"wp:attachment":[{"href":"http:\/\/traba.org\/trabablog\/index.php?rest_route=%2Fwp%2Fv2%2Fmedia&parent=8321"}],"wp:term":[{"taxonomy":"category","embeddable":true,"href":"http:\/\/traba.org\/trabablog\/index.php?rest_route=%2Fwp%2Fv2%2Fcategories&post=8321"},{"taxonomy":"post_tag","embeddable":true,"href":"http:\/\/traba.org\/trabablog\/index.php?rest_route=%2Fwp%2Fv2%2Ftags&post=8321"}],"curies":[{"name":"wp","href":"https:\/\/api.w.org\/{rel}","templated":true}]}}