{"id":8759,"date":"2013-06-13T07:12:59","date_gmt":"2013-06-13T06:12:59","guid":{"rendered":"http:\/\/www.traba.org\/trabablog\/?p=8759"},"modified":"2013-06-13T07:19:30","modified_gmt":"2013-06-13T06:19:30","slug":"fontcalda","status":"publish","type":"post","link":"http:\/\/traba.org\/trabablog\/?p=8759","title":{"rendered":"fontcalda"},"content":{"rendered":"<p>avui no hem caminat gaire, que est\u00e0vem cansats de tant de caminar i hem anat a fontcalda.<\/p>\n<p><img loading=\"lazy\" decoding=\"async\" alt=\"DSCF1474\" src=\"http:\/\/www.traba.org\/trabablog\/wp-content\/uploads\/2013\/06\/DSCF1474.jpg\" width=\"800\" height=\"531\" \/><\/p>\n<p>ten\u00edem una excursi\u00f3 de 6 km, per\u00f2 no l&#8217;hem fet.<\/p>\n<p><img loading=\"lazy\" decoding=\"async\" alt=\"DSCF1475\" src=\"http:\/\/www.traba.org\/trabablog\/wp-content\/uploads\/2013\/06\/DSCF1475.jpg\" width=\"800\" height=\"531\" \/><\/p>\n<p>ens hem quedat per all\u00e0 banyant-nos \ud83d\ude42<\/p>\n<p><img loading=\"lazy\" decoding=\"async\" alt=\"IMG_2674\" src=\"http:\/\/www.traba.org\/trabablog\/wp-content\/uploads\/2013\/06\/IMG_2674.jpg\" width=\"800\" height=\"1066\" \/><\/p>\n<p>l&#8217;aigua estava t\u00e8bia.<\/p>\n<p><img loading=\"lazy\" decoding=\"async\" alt=\"IMG_2679\" src=\"http:\/\/www.traba.org\/trabablog\/wp-content\/uploads\/2013\/06\/IMG_2679.jpg\" width=\"800\" height=\"600\" \/><\/p>\n<p>i el lloc estava prou b\u00e9, tot i que hi havia bastanta gent. no es veu aqu\u00ed.<\/p>\n<p><img loading=\"lazy\" decoding=\"async\" alt=\"DSCF1477\" src=\"http:\/\/www.traba.org\/trabablog\/wp-content\/uploads\/2013\/06\/DSCF1477.jpg\" width=\"800\" height=\"531\" \/><\/p>\n<p>xop xop.<\/p>\n<p><img loading=\"lazy\" decoding=\"async\" alt=\"IMG_2685\" src=\"http:\/\/www.traba.org\/trabablog\/wp-content\/uploads\/2013\/06\/IMG_2685.jpg\" width=\"800\" height=\"600\" \/><\/p>\n<p>la cristina si que ha caminat una estona.<\/p>\n<p><img loading=\"lazy\" decoding=\"async\" alt=\"DSCF1482\" src=\"http:\/\/www.traba.org\/trabablog\/wp-content\/uploads\/2013\/06\/DSCF1482.jpg\" width=\"800\" height=\"1204\" \/> <img loading=\"lazy\" decoding=\"async\" alt=\"DSCF1485\" src=\"http:\/\/www.traba.org\/trabablog\/wp-content\/uploads\/2013\/06\/DSCF1485.jpg\" width=\"800\" height=\"531\" \/><\/p>\n<p>mentre nosaltres est\u00e0vem per all\u00e0.<\/p>\n<p><img loading=\"lazy\" decoding=\"async\" alt=\"IMG_2697\" src=\"http:\/\/www.traba.org\/trabablog\/wp-content\/uploads\/2013\/06\/IMG_2697.jpg\" width=\"800\" height=\"600\" \/><\/p>\n<p>i despr\u00e9s de dinar, uns columpios i al cotxe a tornar \ud83d\ude42<\/p>\n<p><img loading=\"lazy\" decoding=\"async\" alt=\"DSCF1490\" src=\"http:\/\/www.traba.org\/trabablog\/wp-content\/uploads\/2013\/06\/DSCF1490.jpg\" width=\"800\" height=\"531\" \/><\/p>\n<p>i amb el tobogan de la casa.<\/p>\n<p><img loading=\"lazy\" decoding=\"async\" alt=\"IMG_20130612_163605\" src=\"http:\/\/www.traba.org\/trabablog\/wp-content\/uploads\/2013\/06\/IMG_20130612_1636051.jpg\" width=\"800\" height=\"1066\" \/><\/p>\n<p>i les pilotes. ah, i el vestit de l&#8217;\u00e0via que li va a mida!<\/p>\n<p><img loading=\"lazy\" decoding=\"async\" alt=\"IMG_20130612_165323\" src=\"http:\/\/www.traba.org\/trabablog\/wp-content\/uploads\/2013\/06\/IMG_20130612_165323.jpg\" width=\"800\" height=\"1066\" \/><\/p>\n<p>i fent un brownie\u2026<\/p>\n<p><img loading=\"lazy\" decoding=\"async\" alt=\"IMG_2707\" src=\"http:\/\/www.traba.org\/trabablog\/wp-content\/uploads\/2013\/06\/IMG_2707.jpg\" width=\"800\" height=\"600\" \/><\/p>\n<p>pel cumple de la tieta cristina \ud83d\ude00<\/p>\n<p><img loading=\"lazy\" decoding=\"async\" alt=\"IMG_2713\" src=\"http:\/\/www.traba.org\/trabablog\/wp-content\/uploads\/2013\/06\/IMG_2713.jpg\" width=\"800\" height=\"600\" \/><\/p>\n","protected":false},"excerpt":{"rendered":"<p>avui no hem caminat gaire, que est\u00e0vem cansats de tant de caminar i hem anat a fontcalda. ten\u00edem una excursi\u00f3 de 6 km, per\u00f2 no l&#8217;hem fet. ens hem quedat&#8230;<\/p>\n","protected":false},"author":5,"featured_media":8748,"comment_status":"open","ping_status":"closed","sticky":false,"template":"","format":"standard","meta":{"_monsterinsights_skip_tracking":false,"_monsterinsights_sitenote_active":false,"_monsterinsights_sitenote_note":"","_monsterinsights_sitenote_category":0,"footnotes":""},"categories":[28],"tags":[100,80],"class_list":["post-8759","post","type-post","status-publish","format-standard","has-post-thumbnail","hentry","category-ordinary-days","tag-lola","tag-primavera"],"_links":{"self":[{"href":"http:\/\/traba.org\/trabablog\/index.php?rest_route=\/wp\/v2\/posts\/8759","targetHints":{"allow":["GET"]}}],"collection":[{"href":"http:\/\/traba.org\/trabablog\/index.php?rest_route=\/wp\/v2\/posts"}],"about":[{"href":"http:\/\/traba.org\/trabablog\/index.php?rest_route=\/wp\/v2\/types\/post"}],"author":[{"embeddable":true,"href":"http:\/\/traba.org\/trabablog\/index.php?rest_route=\/wp\/v2\/users\/5"}],"replies":[{"embeddable":true,"href":"http:\/\/traba.org\/trabablog\/index.php?rest_route=%2Fwp%2Fv2%2Fcomments&post=8759"}],"version-history":[{"count":1,"href":"http:\/\/traba.org\/trabablog\/index.php?rest_route=\/wp\/v2\/posts\/8759\/revisions"}],"predecessor-version":[{"id":8760,"href":"http:\/\/traba.org\/trabablog\/index.php?rest_route=\/wp\/v2\/posts\/8759\/revisions\/8760"}],"wp:featuredmedia":[{"embeddable":true,"href":"http:\/\/traba.org\/trabablog\/index.php?rest_route=\/wp\/v2\/media\/8748"}],"wp:attachment":[{"href":"http:\/\/traba.org\/trabablog\/index.php?rest_route=%2Fwp%2Fv2%2Fmedia&parent=8759"}],"wp:term":[{"taxonomy":"category","embeddable":true,"href":"http:\/\/traba.org\/trabablog\/index.php?rest_route=%2Fwp%2Fv2%2Fcategories&post=8759"},{"taxonomy":"post_tag","embeddable":true,"href":"http:\/\/traba.org\/trabablog\/index.php?rest_route=%2Fwp%2Fv2%2Ftags&post=8759"}],"curies":[{"name":"wp","href":"https:\/\/api.w.org\/{rel}","templated":true}]}}