{"id":88,"date":"2008-05-25T22:51:47","date_gmt":"2008-05-25T20:51:47","guid":{"rendered":"http:\/\/www.traba.org\/trabablog\/?p=88"},"modified":"2009-02-03T20:54:49","modified_gmt":"2009-02-03T19:54:49","slug":"de-castello-a-albocasser","status":"publish","type":"post","link":"http:\/\/traba.org\/trabablog\/?p=88","title":{"rendered":"De Castell\u00f3 a Alboc\u00e0sser"},"content":{"rendered":"<p>Un cop acabat el congr\u00e9s, vam esperar a dalt d&#8217;un turonet que la Luza arrib\u00e9s de Barcelona.<\/p>\n<p><img loading=\"lazy\" decoding=\"async\" src=\"http:\/\/www.traba.org\/galeria\/albums\/wpw-20080525\/normal_2008-05_22_a_25_Congres_CAMFIC_Castello_i_casa_rural_048.jpg\" alt=\"\" width=\"500\" height=\"334\" \/><\/p>\n<p>I despr\u00e9s, a les 2 de la matinada i contra tot pron\u00f2stic, va arribar la Lui!!!<\/p>\n<p>Al mat\u00ed seg\u00fcent, el fantasma de la Lui&#8230; amb bata \ud83d\ude42<\/p>\n<p><img loading=\"lazy\" decoding=\"async\" src=\"http:\/\/www.traba.org\/galeria\/albums\/wpw-20080525\/2008-05_22_a_25_Congres_CAMFIC_Castello_i_casa_rural_055_v1.jpg\" alt=\"\" width=\"465\" height=\"768\" \/><\/p>\n<p>Esmorzant.<\/p>\n<p><img loading=\"lazy\" decoding=\"async\" src=\"http:\/\/www.traba.org\/galeria\/albums\/wpw-20080525\/normal_2008-05_22_a_25_Congres_CAMFIC_Castello_i_casa_rural_056.jpg\" alt=\"\" width=\"500\" height=\"334\" \/><\/p>\n<p>Jugant a la Wii.<\/p>\n<p><img loading=\"lazy\" decoding=\"async\" src=\"http:\/\/www.traba.org\/galeria\/albums\/wpw-20080525\/normal_2008-05_22_a_25_Congres_CAMFIC_Castello_i_casa_rural_078.jpg\" alt=\"\" width=\"500\" height=\"334\" \/><\/p>\n<p><img loading=\"lazy\" decoding=\"async\" src=\"http:\/\/www.traba.org\/galeria\/albums\/wpw-20080525\/normal_2008-05_22_a_25_Congres_CAMFIC_Castello_i_casa_rural_081.jpg\" alt=\"\" width=\"500\" height=\"334\" \/><\/p>\n<p>L&#8217;ambulatori de Morella, un dels 2 \u00fanics d&#8217;Espanya que est\u00e0 en una esgl\u00e9sia.<\/p>\n<p><img loading=\"lazy\" decoding=\"async\" src=\"http:\/\/www.traba.org\/galeria\/albums\/wpw-20080525\/normal_2008-05_22_a_25_Congres_CAMFIC_Castello_i_casa_rural_108.jpg\" alt=\"\" width=\"500\" height=\"334\" \/><\/p>\n<p>Al castell de Morella.<\/p>\n<p><img loading=\"lazy\" decoding=\"async\" src=\"http:\/\/www.traba.org\/galeria\/albums\/wpw-20080525\/normal_2008-05_22_a_25_Congres_CAMFIC_Castello_i_casa_rural_109.jpg\" alt=\"\" width=\"500\" height=\"334\" \/><\/p>\n<p>Laia saludant.<\/p>\n<p><img loading=\"lazy\" decoding=\"async\" src=\"http:\/\/www.traba.org\/galeria\/albums\/wpw-20080525\/normal_2008-05_22_a_25_Congres_CAMFIC_Castello_i_casa_rural_111.jpg\" alt=\"\" width=\"500\" height=\"334\" \/><\/p>\n<p>Luza somrient.<\/p>\n<p><img loading=\"lazy\" decoding=\"async\" src=\"http:\/\/www.traba.org\/galeria\/albums\/wpw-20080525\/normal_2008-05_22_a_25_Congres_CAMFIC_Castelloi_casa_rural_112.jpg\" alt=\"\" width=\"500\" height=\"334\" \/><\/p>\n<p>Escoltant a la Lui com llegia la hist\u00f2ria del castell i del Cid&#8230;<\/p>\n<p><img loading=\"lazy\" decoding=\"async\" src=\"http:\/\/www.traba.org\/galeria\/albums\/wpw-20080525\/normal_2008-05_22_a_25_Congres_CAMFIC_Castello_i_casa_rural_115.jpg\" alt=\"\" width=\"500\" height=\"334\" \/><\/p>\n<p>L&#8217;Anna i els seus pels volant.<\/p>\n<p><img loading=\"lazy\" decoding=\"async\" src=\"http:\/\/www.traba.org\/galeria\/albums\/wpw-20080525\/normal_2008-05_22_a_25_Congres_CAMFIC_Castello_i_casa_rural_126.jpg\" alt=\"\" width=\"500\" height=\"334\" \/><\/p>\n<p>Aquesta foto \u00e9s la meva preferida! Mireu com la Lui est\u00e0 agafant el cap de l&#8217;Anna per fer-la pujar!!!!<\/p>\n<p><img loading=\"lazy\" decoding=\"async\" src=\"http:\/\/www.traba.org\/galeria\/albums\/wpw-20080525\/normal_2008-05_22_a_25_Congres_CAMFIC_Castello_i_casa_rural_128.jpg\" alt=\"\" width=\"500\" height=\"334\" \/><\/p>\n<p>Buf!<\/p>\n<p><img loading=\"lazy\" decoding=\"async\" src=\"http:\/\/www.traba.org\/galeria\/albums\/wpw-20080525\/2008-05_22_a_25_Congres_CAMFIC_Castello_i_casa_rural_131.jpg\" alt=\"\" width=\"500\" height=\"750\" \/><\/p>\n<p>Lui posando a dalt de tot del castell.<\/p>\n<p><img loading=\"lazy\" decoding=\"async\" src=\"http:\/\/www.traba.org\/galeria\/albums\/wpw-20080525\/normal_2008-05_22_a_25_Congres_CAMFIC_Castello_i_casa_rural_137.jpg\" alt=\"\" width=\"500\" height=\"334\" \/><\/p>\n<p>N\u00favols.<\/p>\n<p><img loading=\"lazy\" decoding=\"async\" src=\"http:\/\/www.traba.org\/galeria\/albums\/wpw-20080525\/normal_2008-05_22_a_25_Congres_CAMFIC_Castello_i_casa_rural_138.jpg\" alt=\"\" width=\"500\" height=\"334\" \/><\/p>\n<p>M\u00e9s Lui, ara pujant un muro que havia saltat \ud83d\ude42<\/p>\n<p><img loading=\"lazy\" decoding=\"async\" src=\"http:\/\/www.traba.org\/galeria\/albums\/wpw-20080525\/normal_2008-05_22_a_25_Congres_CAMFIC_Castello_i_casa_rural_140.jpg\" alt=\"\" width=\"500\" height=\"334\" \/><\/p>\n<p>Una floreta del muro.<\/p>\n<p><img loading=\"lazy\" decoding=\"async\" src=\"http:\/\/www.traba.org\/galeria\/albums\/wpw-20080525\/normal_2008-05_22_a_25_Congres_CAMFIC_Castello_i_casa_rural_141.jpg\" alt=\"\" width=\"500\" height=\"334\" \/><\/p>\n<p>Momento Vidal Sasoon.<\/p>\n<p><img loading=\"lazy\" decoding=\"async\" src=\"http:\/\/www.traba.org\/galeria\/albums\/wpw-20080525\/normal_2008-05_22_a_25_Congres_CAMFIC_Castello_i_casa_rural_142.jpg\" alt=\"\" width=\"500\" height=\"334\" \/><\/p>\n<p>El Castell.<\/p>\n<p><img loading=\"lazy\" decoding=\"async\" src=\"http:\/\/www.traba.org\/galeria\/albums\/wpw-20080525\/normal_2008-05_22_a_25_Congres_CAMFIC_Castello_i_casa_rural_144.jpg\" alt=\"\" width=\"500\" height=\"334\" \/><\/p>\n<p>Dins l&#8217;Abadia.<\/p>\n<p><img loading=\"lazy\" decoding=\"async\" src=\"http:\/\/www.traba.org\/galeria\/albums\/wpw-20080525\/2008-05_22_a_25_Congres_CAMFIC_Castello_i_casa_rural_149.jpg\" alt=\"\" width=\"500\" height=\"750\" \/><\/p>\n<p><img loading=\"lazy\" decoding=\"async\" src=\"http:\/\/www.traba.org\/galeria\/albums\/wpw-20080525\/normal_2008-05_22_a_25_Congres_CAMFIC_Castello_i_casa_rural_153.jpg\" alt=\"\" width=\"500\" height=\"334\" \/><\/p>\n<p>Posando, a l&#8217;abadia.<\/p>\n<p><img loading=\"lazy\" decoding=\"async\" src=\"http:\/\/www.traba.org\/galeria\/albums\/wpw-20080525\/normal_2008-05_22_a_25_Congres_CAMFIC_Castello_i_casa_rural_154.jpg\" alt=\"\" width=\"500\" height=\"334\" \/><\/p>\n<p>Vam estar al comen\u00e7ament de l&#8217;Arco Iris!!!<\/p>\n<p><img loading=\"lazy\" decoding=\"async\" src=\"http:\/\/www.traba.org\/galeria\/albums\/wpw-20080525\/normal_2008-05_22_a_25_Congres_CAMFIC_Castello_i_casa_rural_155.jpg\" alt=\"\" width=\"500\" height=\"334\" \/><\/p>\n<p>I les cervecillas que teniem a la nevera. Aquesta foto no falta mai \ud83d\ude42<\/p>\n<p><img loading=\"lazy\" decoding=\"async\" src=\"http:\/\/www.traba.org\/galeria\/albums\/wpw-20080525\/2008-05_22_a_25_Congres_CAMFIC_Castello_i_casa_rural_163.jpg\" alt=\"\" width=\"500\" height=\"750\" \/><\/p>\n<p>Eurovision!<\/p>\n<p><img loading=\"lazy\" decoding=\"async\" src=\"http:\/\/www.traba.org\/galeria\/albums\/wpw-20080525\/normal_2008-05_22_a_25_Congres_CAMFIC_Castello_i_casa_rural_165.jpg\" alt=\"\" width=\"500\" height=\"334\" \/><\/p>\n<p>I l&#8217;esmorzar d&#8217;aquest mat\u00ed. Abans de menjar-se aquest bol de cereals, s&#8217;ha menjat unes torrades amb Nutella!!!<\/p>\n<p><img loading=\"lazy\" decoding=\"async\" src=\"http:\/\/www.traba.org\/galeria\/albums\/wpw-20080525\/normal_2008-05_22_a_25_Congres_CAMFIC_Castello_i_casa_rural_168.jpg\" alt=\"\" width=\"500\" height=\"334\" \/><\/p>\n<p>I la \u00faltima foto. la muntanya de davant de la casa, que ens ha agradat la seva forma.<\/p>\n<p><img loading=\"lazy\" decoding=\"async\" src=\"http:\/\/www.traba.org\/galeria\/albums\/wpw-20080525\/normal_2008-05_22_a_25_Congres_CAMFIC_Castello_i_casa_rural_172.jpg\" alt=\"\" width=\"500\" height=\"334\" \/><\/p>\n<p>I&#8230; com vam dir l&#8217;altre dia, l&#8217;\u00c0mbit ja no tornar\u00e0 a ser el qu\u00e8 era \ud83d\ude1b<\/p>\n<p>Mireia.<\/p>\n","protected":false},"excerpt":{"rendered":"<p>Un cop acabat el congr\u00e9s, vam esperar a dalt d&#8217;un turonet que la Luza arrib\u00e9s de Barcelona. I despr\u00e9s, a les 2 de la matinada i contra tot pron\u00f2stic, va&#8230;<\/p>\n","protected":false},"author":5,"featured_media":0,"comment_status":"open","ping_status":"open","sticky":false,"template":"","format":"standard","meta":{"_monsterinsights_skip_tracking":false,"_monsterinsights_sitenote_active":false,"_monsterinsights_sitenote_note":"","_monsterinsights_sitenote_category":0,"footnotes":""},"categories":[9,7,4],"tags":[],"class_list":["post-88","post","type-post","status-publish","format-standard","hentry","category-celebracions-varies","category-congressos","category-vacances"],"_links":{"self":[{"href":"http:\/\/traba.org\/trabablog\/index.php?rest_route=\/wp\/v2\/posts\/88","targetHints":{"allow":["GET"]}}],"collection":[{"href":"http:\/\/traba.org\/trabablog\/index.php?rest_route=\/wp\/v2\/posts"}],"about":[{"href":"http:\/\/traba.org\/trabablog\/index.php?rest_route=\/wp\/v2\/types\/post"}],"author":[{"embeddable":true,"href":"http:\/\/traba.org\/trabablog\/index.php?rest_route=\/wp\/v2\/users\/5"}],"replies":[{"embeddable":true,"href":"http:\/\/traba.org\/trabablog\/index.php?rest_route=%2Fwp%2Fv2%2Fcomments&post=88"}],"version-history":[{"count":2,"href":"http:\/\/traba.org\/trabablog\/index.php?rest_route=\/wp\/v2\/posts\/88\/revisions"}],"predecessor-version":[{"id":1443,"href":"http:\/\/traba.org\/trabablog\/index.php?rest_route=\/wp\/v2\/posts\/88\/revisions\/1443"}],"wp:attachment":[{"href":"http:\/\/traba.org\/trabablog\/index.php?rest_route=%2Fwp%2Fv2%2Fmedia&parent=88"}],"wp:term":[{"taxonomy":"category","embeddable":true,"href":"http:\/\/traba.org\/trabablog\/index.php?rest_route=%2Fwp%2Fv2%2Fcategories&post=88"},{"taxonomy":"post_tag","embeddable":true,"href":"http:\/\/traba.org\/trabablog\/index.php?rest_route=%2Fwp%2Fv2%2Ftags&post=88"}],"curies":[{"name":"wp","href":"https:\/\/api.w.org\/{rel}","templated":true}]}}