{"id":9039,"date":"2013-09-03T19:53:56","date_gmt":"2013-09-03T18:53:56","guid":{"rendered":"http:\/\/www.traba.org\/trabablog\/?p=9039"},"modified":"2013-09-03T20:03:34","modified_gmt":"2013-09-03T19:03:34","slug":"pals","status":"publish","type":"post","link":"http:\/\/traba.org\/trabablog\/?p=9039","title":{"rendered":"pals"},"content":{"rendered":"<p>avui mat\u00ed casero i barbacoa de dinar.<\/p>\n<p><img loading=\"lazy\" decoding=\"async\" alt=\"IMG_20130903_141235\" src=\"http:\/\/www.traba.org\/trabablog\/wp-content\/uploads\/2013\/09\/IMG_20130903_141235.jpg\" width=\"800\" height=\"599\" \/><\/p>\n<p>una abra\u00e7ada.<\/p>\n<p><img loading=\"lazy\" decoding=\"async\" alt=\"IMG_20130903_141345\" src=\"http:\/\/www.traba.org\/trabablog\/wp-content\/uploads\/2013\/09\/IMG_20130903_141345.jpg\" width=\"800\" height=\"600\" \/><\/p>\n<p>i una llepada.<\/p>\n<p><img loading=\"lazy\" decoding=\"async\" alt=\"IMG_20130903_143626\" src=\"http:\/\/www.traba.org\/trabablog\/wp-content\/uploads\/2013\/09\/IMG_20130903_143626.jpg\" width=\"800\" height=\"600\" \/><\/p>\n<p>a la illa roja, on ens va dir l&#8217;edu. una platja on hi ha ombra, molta, per\u00f2 la platja baixa massa abruptament pels nens.<\/p>\n<p><img loading=\"lazy\" decoding=\"async\" alt=\"IMG_20130903_161729\" src=\"http:\/\/www.traba.org\/trabablog\/wp-content\/uploads\/2013\/09\/IMG_20130903_161729.jpg\" width=\"800\" height=\"1066\" \/><\/p>\n<p>i ara, retratos de la platja.<\/p>\n<p><img loading=\"lazy\" decoding=\"async\" alt=\"IMG_3646\" src=\"http:\/\/www.traba.org\/trabablog\/wp-content\/uploads\/2013\/09\/IMG_3646.jpg\" width=\"800\" height=\"533\" \/> <img loading=\"lazy\" decoding=\"async\" alt=\"IMG_3648\" src=\"http:\/\/www.traba.org\/trabablog\/wp-content\/uploads\/2013\/09\/IMG_3648.jpg\" width=\"800\" height=\"533\" \/> <img loading=\"lazy\" decoding=\"async\" alt=\"IMG_3649\" src=\"http:\/\/www.traba.org\/trabablog\/wp-content\/uploads\/2013\/09\/IMG_3649.jpg\" width=\"800\" height=\"533\" \/> <img loading=\"lazy\" decoding=\"async\" alt=\"IMG_3655\" src=\"http:\/\/www.traba.org\/trabablog\/wp-content\/uploads\/2013\/09\/IMG_3655.jpg\" width=\"800\" height=\"533\" \/> <img loading=\"lazy\" decoding=\"async\" alt=\"IMG_3668\" src=\"http:\/\/www.traba.org\/trabablog\/wp-content\/uploads\/2013\/09\/IMG_3668.jpg\" width=\"800\" height=\"533\" \/> <img loading=\"lazy\" decoding=\"async\" alt=\"IMG_3672\" src=\"http:\/\/www.traba.org\/trabablog\/wp-content\/uploads\/2013\/09\/IMG_3672.jpg\" width=\"800\" height=\"533\" \/> <img loading=\"lazy\" decoding=\"async\" alt=\"IMG_3686\" src=\"http:\/\/www.traba.org\/trabablog\/wp-content\/uploads\/2013\/09\/IMG_3686.jpg\" width=\"800\" height=\"532\" \/><\/p>\n<p>i nosaltres ja de tornada, que la lola no ha dormit des de les 12 i hem arribat prou tranquils a dormir.<\/p>\n<p><img loading=\"lazy\" decoding=\"async\" alt=\"IMG_20130903_174716\" src=\"http:\/\/www.traba.org\/trabablog\/wp-content\/uploads\/2013\/09\/IMG_20130903_174716.jpg\" width=\"800\" height=\"1067\" \/><\/p>\n","protected":false},"excerpt":{"rendered":"<p>avui mat\u00ed casero i barbacoa de dinar. una abra\u00e7ada. i una llepada. a la illa roja, on ens va dir l&#8217;edu. una platja on hi ha ombra, molta, per\u00f2 la&#8230;<\/p>\n","protected":false},"author":5,"featured_media":9031,"comment_status":"open","ping_status":"closed","sticky":false,"template":"","format":"standard","meta":{"_monsterinsights_skip_tracking":false,"_monsterinsights_sitenote_active":false,"_monsterinsights_sitenote_note":"","_monsterinsights_sitenote_category":0,"footnotes":""},"categories":[28],"tags":[100,41,42],"class_list":["post-9039","post","type-post","status-publish","format-standard","has-post-thumbnail","hentry","category-ordinary-days","tag-lola","tag-mar","tag-platja"],"_links":{"self":[{"href":"http:\/\/traba.org\/trabablog\/index.php?rest_route=\/wp\/v2\/posts\/9039","targetHints":{"allow":["GET"]}}],"collection":[{"href":"http:\/\/traba.org\/trabablog\/index.php?rest_route=\/wp\/v2\/posts"}],"about":[{"href":"http:\/\/traba.org\/trabablog\/index.php?rest_route=\/wp\/v2\/types\/post"}],"author":[{"embeddable":true,"href":"http:\/\/traba.org\/trabablog\/index.php?rest_route=\/wp\/v2\/users\/5"}],"replies":[{"embeddable":true,"href":"http:\/\/traba.org\/trabablog\/index.php?rest_route=%2Fwp%2Fv2%2Fcomments&post=9039"}],"version-history":[{"count":1,"href":"http:\/\/traba.org\/trabablog\/index.php?rest_route=\/wp\/v2\/posts\/9039\/revisions"}],"predecessor-version":[{"id":9040,"href":"http:\/\/traba.org\/trabablog\/index.php?rest_route=\/wp\/v2\/posts\/9039\/revisions\/9040"}],"wp:featuredmedia":[{"embeddable":true,"href":"http:\/\/traba.org\/trabablog\/index.php?rest_route=\/wp\/v2\/media\/9031"}],"wp:attachment":[{"href":"http:\/\/traba.org\/trabablog\/index.php?rest_route=%2Fwp%2Fv2%2Fmedia&parent=9039"}],"wp:term":[{"taxonomy":"category","embeddable":true,"href":"http:\/\/traba.org\/trabablog\/index.php?rest_route=%2Fwp%2Fv2%2Fcategories&post=9039"},{"taxonomy":"post_tag","embeddable":true,"href":"http:\/\/traba.org\/trabablog\/index.php?rest_route=%2Fwp%2Fv2%2Ftags&post=9039"}],"curies":[{"name":"wp","href":"https:\/\/api.w.org\/{rel}","templated":true}]}}