{"id":9187,"date":"2013-11-09T22:54:54","date_gmt":"2013-11-09T21:54:54","guid":{"rendered":"http:\/\/www.traba.org\/trabablog\/?p=9187"},"modified":"2013-11-09T22:57:20","modified_gmt":"2013-11-09T21:57:20","slug":"long-time-no-see","status":"publish","type":"post","link":"http:\/\/traba.org\/trabablog\/?p=9187","title":{"rendered":"long time no see"},"content":{"rendered":"<p>no hem fet res especial excepte treballar, anar a la guarde i distreure&#8217;ns els caps de setmana.<\/p>\n<p>ens agrada anar a viader a merenar.<\/p>\n<p><img loading=\"lazy\" decoding=\"async\" alt=\"IMG_20131008_175627\" src=\"http:\/\/www.traba.org\/trabablog\/wp-content\/uploads\/2013\/11\/IMG_20131008_175627.jpg\" width=\"800\" height=\"1066\" \/><\/p>\n<p>i algun divendres, sopar sushi.<\/p>\n<p><img loading=\"lazy\" decoding=\"async\" alt=\"IMG_20131011_213135\" src=\"http:\/\/www.traba.org\/trabablog\/wp-content\/uploads\/2013\/11\/IMG_20131011_213135.jpg\" width=\"800\" height=\"1066\" \/><\/p>\n<p>la boqueria \u00e9s un lloc molt freq\u00fcentat per nosaltres.<\/p>\n<p><img loading=\"lazy\" decoding=\"async\" alt=\"IMG_3453\" src=\"http:\/\/www.traba.org\/trabablog\/wp-content\/uploads\/2013\/11\/IMG_3453.jpg\" width=\"800\" height=\"1066\" \/> <img loading=\"lazy\" decoding=\"async\" alt=\"IMG_3462\" src=\"http:\/\/www.traba.org\/trabablog\/wp-content\/uploads\/2013\/11\/IMG_3462.jpg\" width=\"800\" height=\"1066\" \/><\/p>\n<p>i tamb\u00e9 ens agrada els dimuenges anar a la zona alta a buscar croisants de <a href=\"http:\/\/www.pasteleriasacha.com\/\" target=\"_blank\">sacha<\/a>.<\/p>\n<p><img loading=\"lazy\" decoding=\"async\" alt=\"IMG_3467\" src=\"http:\/\/www.traba.org\/trabablog\/wp-content\/uploads\/2013\/11\/IMG_3467.jpg\" width=\"800\" height=\"1066\" \/><\/p>\n<p>l&#8217;\u00faltim diumenge de cada mes, if possible, fem tarda de jocs a casa. hi ha jocs per petits&#8230;<\/p>\n<p><img loading=\"lazy\" decoding=\"async\" alt=\"IMG_20131013_162542\" src=\"http:\/\/www.traba.org\/trabablog\/wp-content\/uploads\/2013\/11\/IMG_20131013_162542.jpg\" width=\"800\" height=\"600\" \/><\/p>\n<p>\u2026 i per grans.<\/p>\n<p><img loading=\"lazy\" decoding=\"async\" alt=\"IMG_20131013_175341\" src=\"http:\/\/www.traba.org\/trabablog\/wp-content\/uploads\/2013\/11\/IMG_20131013_175341.jpg\" width=\"800\" height=\"600\" \/><\/p>\n<p>i tamb\u00e9 un espai per aquells que no volen jugar.<\/p>\n<p><img loading=\"lazy\" decoding=\"async\" alt=\"IMG_20131013_180207\" src=\"http:\/\/www.traba.org\/trabablog\/wp-content\/uploads\/2013\/11\/IMG_20131013_180207.jpg\" width=\"800\" height=\"600\" \/><\/p>\n<p>ja coneixem molts parques de ciutat vella. aquest \u00e9s el de pla\u00e7a madrid, que ens agrada perqu\u00e8 t\u00e9 columpios dels que no te&#8217;n caus.<\/p>\n<p><img loading=\"lazy\" decoding=\"async\" alt=\"IMG_3485\" src=\"http:\/\/www.traba.org\/trabablog\/wp-content\/uploads\/2013\/11\/IMG_3485.jpg\" width=\"800\" height=\"1066\" \/><\/p>\n<p>pels mat\u00edns, els dies que ens llevem massa d&#8217;hora, abans d&#8217;anar a la guarde, passegem pel passeig mar\u00edtim i pugem i baixem les rampes.<\/p>\n<p><img loading=\"lazy\" decoding=\"async\" alt=\"IMG_20131015_082647\" src=\"http:\/\/www.traba.org\/trabablog\/wp-content\/uploads\/2013\/11\/IMG_20131015_082647.jpg\" width=\"800\" height=\"1066\" \/> <img loading=\"lazy\" decoding=\"async\" alt=\"IMG_20131015_083400\" src=\"http:\/\/www.traba.org\/trabablog\/wp-content\/uploads\/2013\/11\/IMG_20131015_083400.jpg\" width=\"800\" height=\"1066\" \/><\/p>\n<p>i per la tarda tornem caminant de la guarderia a casa, passant per algun puesto, entretenint-nos amb els detalls. aquest detall era una pedra.<\/p>\n<p><img loading=\"lazy\" decoding=\"async\" alt=\"IMG_3487\" src=\"http:\/\/www.traba.org\/trabablog\/wp-content\/uploads\/2013\/11\/IMG_3487.jpg\" width=\"800\" height=\"1066\" \/><\/p>\n<p>tamb\u00e9 anem a visitar llocs nous, com els encants.<\/p>\n<p><img loading=\"lazy\" decoding=\"async\" alt=\"IMG_3490\" src=\"http:\/\/www.traba.org\/trabablog\/wp-content\/uploads\/2013\/11\/IMG_3490.jpg\" width=\"800\" height=\"1066\" \/> <img loading=\"lazy\" decoding=\"async\" alt=\"IMG_3497\" src=\"http:\/\/www.traba.org\/trabablog\/wp-content\/uploads\/2013\/11\/IMG_3497.jpg\" width=\"800\" height=\"1066\" \/><\/p>\n<p>o en visitem de coneguts, com el convent. que han fet un lloc per nens ben agradable amb joguines per jugar.<\/p>\n<p><img loading=\"lazy\" decoding=\"async\" alt=\"DSCF2436\" src=\"http:\/\/www.traba.org\/trabablog\/wp-content\/uploads\/2013\/11\/DSCF2436.jpg\" width=\"800\" height=\"531\" \/><\/p>\n<p>de tant en tant anem tamb\u00e9 al parc de la ciutadella. l&#8217;altre dia vam visitar el mamut.<\/p>\n<p><img loading=\"lazy\" decoding=\"async\" alt=\"DSCF2438\" src=\"http:\/\/www.traba.org\/trabablog\/wp-content\/uploads\/2013\/11\/DSCF2438.jpg\" width=\"800\" height=\"531\" \/><\/p>\n<p>i li vam posar el dit al nas.<\/p>\n<p><img loading=\"lazy\" decoding=\"async\" alt=\"DSCF2443\" src=\"http:\/\/www.traba.org\/trabablog\/wp-content\/uploads\/2013\/11\/DSCF2443.jpg\" width=\"800\" height=\"531\" \/><\/p>\n<p>i a la <a href=\"http:\/\/www.delacrem.cat\/\" target=\"_blank\">gelateria delacrem<\/a>.<\/p>\n<p><img loading=\"lazy\" decoding=\"async\" alt=\"DSCF2448\" src=\"http:\/\/www.traba.org\/trabablog\/wp-content\/uploads\/2013\/11\/DSCF2448.jpg\" width=\"800\" height=\"531\" \/><\/p>\n<p>el carrer enrique granados&#8230;<\/p>\n<p><img loading=\"lazy\" decoding=\"async\" alt=\"DSCF2452\" src=\"http:\/\/www.traba.org\/trabablog\/wp-content\/uploads\/2013\/11\/DSCF2452.jpg\" width=\"800\" height=\"531\" \/><\/p>\n<p>t\u00e9 els seus entreteniments\u2026 bancs&#8230;<\/p>\n<p><img loading=\"lazy\" decoding=\"async\" alt=\"DSCF2454\" src=\"http:\/\/www.traba.org\/trabablog\/wp-content\/uploads\/2013\/11\/DSCF2454.jpg\" width=\"800\" height=\"531\" \/><\/p>\n<p>nens a qui espiar&#8230;<\/p>\n<p><img loading=\"lazy\" decoding=\"async\" alt=\"DSCF2459\" src=\"http:\/\/www.traba.org\/trabablog\/wp-content\/uploads\/2013\/11\/DSCF2459.jpg\" width=\"800\" height=\"531\" \/><\/p>\n<p>arbres&#8230;<\/p>\n<p><img loading=\"lazy\" decoding=\"async\" alt=\"DSCF2462\" src=\"http:\/\/www.traba.org\/trabablog\/wp-content\/uploads\/2013\/11\/DSCF2462.jpg\" width=\"800\" height=\"531\" \/><\/p>\n<p>algunes tardes anem a veure l&#8217;\u00e0via montse a casa seva.<\/p>\n<p><img loading=\"lazy\" decoding=\"async\" alt=\"IMG_3516\" src=\"http:\/\/www.traba.org\/trabablog\/wp-content\/uploads\/2013\/11\/IMG_3516.jpg\" width=\"800\" height=\"1066\" \/><\/p>\n<p>o mengem melindros amb xocolata a viader.<\/p>\n<p><img loading=\"lazy\" decoding=\"async\" alt=\"IMG_20131023_173023\" src=\"http:\/\/www.traba.org\/trabablog\/wp-content\/uploads\/2013\/11\/IMG_20131023_173023.jpg\" width=\"800\" height=\"1066\" \/><\/p>\n<p>aquest \u00e9s el parc de la pla\u00e7a de darrere la facultat de filosofia. aqu\u00ed ens hi trobem al m\u00e0xim de la classe i d&#8217;aquest parque ens agrada la sorra que hi ha i el tobogan que \u00e9s molt gran.<\/p>\n<p><img loading=\"lazy\" decoding=\"async\" alt=\"IMG_3533\" src=\"http:\/\/www.traba.org\/trabablog\/wp-content\/uploads\/2013\/11\/IMG_3533.jpg\" width=\"800\" height=\"1066\" \/><\/p>\n<p>alguns caps de setmana anem a balsareny a veure la iaia queralt.<\/p>\n<p><img loading=\"lazy\" decoding=\"async\" alt=\"IMG_20131026_105443\" src=\"http:\/\/www.traba.org\/trabablog\/wp-content\/uploads\/2013\/11\/IMG_20131026_105443.jpg\" width=\"800\" height=\"1066\" \/><\/p>\n<p>i a veure vilanova vam anar un dia.<\/p>\n<p><img loading=\"lazy\" decoding=\"async\" alt=\"DSCF2465\" src=\"http:\/\/www.traba.org\/trabablog\/wp-content\/uploads\/2013\/11\/DSCF2465.jpg\" width=\"800\" height=\"531\" \/><\/p>\n<p>i tamb\u00e9 va venir la joana.<\/p>\n<p><img loading=\"lazy\" decoding=\"async\" alt=\"IMG_20131027_140752\" src=\"http:\/\/www.traba.org\/trabablog\/wp-content\/uploads\/2013\/11\/IMG_20131027_140752.jpg\" width=\"800\" height=\"600\" \/><\/p>\n<p>com que tenim cubo i pala nous els hem d&#8217;aprofitar i anar a la platja a fer castells.<\/p>\n<p><img loading=\"lazy\" decoding=\"async\" alt=\"IMG_3572\" src=\"http:\/\/www.traba.org\/trabablog\/wp-content\/uploads\/2013\/11\/IMG_3572.jpg\" width=\"800\" height=\"1066\" \/> <img loading=\"lazy\" decoding=\"async\" alt=\"IMG_20131101_111136\" src=\"http:\/\/www.traba.org\/trabablog\/wp-content\/uploads\/2013\/11\/IMG_20131101_111136.jpg\" width=\"800\" height=\"600\" \/><\/p>\n<p>\u00faltimament aix\u00f2 de tenir les mans brutes no ho portem b\u00e9.<\/p>\n<p><img loading=\"lazy\" decoding=\"async\" alt=\"DSCF2466\" src=\"http:\/\/www.traba.org\/trabablog\/wp-content\/uploads\/2013\/11\/DSCF2466.jpg\" width=\"800\" height=\"531\" \/> <img loading=\"lazy\" decoding=\"async\" alt=\"DSCF2483\" src=\"http:\/\/www.traba.org\/trabablog\/wp-content\/uploads\/2013\/11\/DSCF2483.jpg\" width=\"800\" height=\"531\" \/> <img loading=\"lazy\" decoding=\"async\" alt=\"DSCF2488\" src=\"http:\/\/www.traba.org\/trabablog\/wp-content\/uploads\/2013\/11\/DSCF2488.jpg\" width=\"800\" height=\"531\" \/><\/p>\n<p>probem els pastissos de <a href=\"http:\/\/www.lolitabakery.com\/#!__home\" target=\"_blank\">lolita bakery<\/a>.<\/p>\n<p><img loading=\"lazy\" decoding=\"async\" alt=\"IMG_20131101_163556\" src=\"http:\/\/www.traba.org\/trabablog\/wp-content\/uploads\/2013\/11\/IMG_20131101_163556.jpg\" width=\"800\" height=\"1066\" \/><\/p>\n<p>i el nou hit: beure la llet a duo, amb dues canyes. amb el papa&#8230;<\/p>\n<p><img loading=\"lazy\" decoding=\"async\" alt=\"IMG_3574\" src=\"http:\/\/www.traba.org\/trabablog\/wp-content\/uploads\/2013\/11\/IMG_3574.jpg\" width=\"800\" height=\"1066\" \/><\/p>\n<p>\u00faltimament m&#8217;estic aficionant als bikinis.<\/p>\n<p><img loading=\"lazy\" decoding=\"async\" alt=\"IMG_20131102_104446\" src=\"http:\/\/www.traba.org\/trabablog\/wp-content\/uploads\/2013\/11\/IMG_20131102_104446.jpg\" width=\"800\" height=\"1066\" \/><\/p>\n<p>i fons que veig font que insisteixo en qu\u00e8 m&#8217;engeguin l&#8217;aigua&#8230;<\/p>\n<p><img loading=\"lazy\" decoding=\"async\" alt=\"IMG_20131102_111700\" src=\"http:\/\/www.traba.org\/trabablog\/wp-content\/uploads\/2013\/11\/IMG_20131102_111700.jpg\" width=\"800\" height=\"1066\" \/><\/p>\n<p>la iaia montse ens regala roba i llibres.<\/p>\n<p><img loading=\"lazy\" decoding=\"async\" alt=\"IMG_20131102_181452\" src=\"http:\/\/www.traba.org\/trabablog\/wp-content\/uploads\/2013\/11\/IMG_20131102_181452.jpg\" width=\"800\" height=\"600\" \/><\/p>\n<p>ara amb la mama.<\/p>\n<p><img loading=\"lazy\" decoding=\"async\" alt=\"IMG_20131103_193501\" src=\"http:\/\/www.traba.org\/trabablog\/wp-content\/uploads\/2013\/11\/IMG_20131103_193501.jpg\" width=\"800\" height=\"1066\" \/><\/p>\n<p>al <a href=\"http:\/\/www.fostershollywood.es\/\" target=\"_blank\">foster&#8217;s hollywood<\/a>. bombazo de calories a 10 euros!<\/p>\n<p><img loading=\"lazy\" decoding=\"async\" alt=\"IMG_20131108_145727\" src=\"http:\/\/www.traba.org\/trabablog\/wp-content\/uploads\/2013\/11\/IMG_20131108_145727.jpg\" width=\"800\" height=\"600\" \/><\/p>\n<p>i el nostre favorito: el santa marta. si alg\u00fa hi va fora d&#8217;horari infantil, probeu l&#8217;<a href=\"http:\/\/aperol.es\/aperol\/\" target=\"_blank\">aperol spitz<\/a> que sembla que \u00e9s el hit del bar. ja em direu quin gust t\u00e9.<\/p>\n<p><img loading=\"lazy\" decoding=\"async\" alt=\"IMG_20131109_101458\" src=\"http:\/\/www.traba.org\/trabablog\/wp-content\/uploads\/2013\/11\/IMG_20131109_101458.jpg\" width=\"800\" height=\"1066\" \/><\/p>\n<p>1, 2 iiii 3!<\/p>\n<p><img loading=\"lazy\" decoding=\"async\" alt=\"IMG_20131109_113428\" src=\"http:\/\/www.traba.org\/trabablog\/wp-content\/uploads\/2013\/11\/IMG_20131109_113428.jpg\" width=\"800\" height=\"600\" \/><\/p>\n<p>i aqu\u00ed venen les fotos de vilanova, que s\u00f3n de la eva i segurament no tenia la c\u00e0mara amb la data correcta, eh!<\/p>\n<p><img loading=\"lazy\" decoding=\"async\" alt=\"IMG_4661\" src=\"http:\/\/www.traba.org\/trabablog\/wp-content\/uploads\/2013\/11\/IMG_4661.jpg\" width=\"800\" height=\"534\" \/><\/p>\n<p>amb la joana es van fer molt amigues.<\/p>\n<p><img loading=\"lazy\" decoding=\"async\" alt=\"IMG_4666\" src=\"http:\/\/www.traba.org\/trabablog\/wp-content\/uploads\/2013\/11\/IMG_4666.jpg\" width=\"800\" height=\"1198\" \/><\/p>\n<p>els pre-adolescentes.<\/p>\n<p><img loading=\"lazy\" decoding=\"async\" alt=\"IMG_4672\" src=\"http:\/\/www.traba.org\/trabablog\/wp-content\/uploads\/2013\/11\/IMG_4672.jpg\" width=\"800\" height=\"534\" \/><\/p>\n<p>com 2 nens.<\/p>\n<p><img loading=\"lazy\" decoding=\"async\" alt=\"IMG_4681\" src=\"http:\/\/www.traba.org\/trabablog\/wp-content\/uploads\/2013\/11\/IMG_4681.jpg\" width=\"800\" height=\"534\" \/><\/p>\n<p>oooh!<\/p>\n<p><img loading=\"lazy\" decoding=\"async\" alt=\"IMG_4682\" src=\"http:\/\/www.traba.org\/trabablog\/wp-content\/uploads\/2013\/11\/IMG_4682.jpg\" width=\"800\" height=\"534\" \/><\/p>\n<p>qu\u00e8 estan mirant??? l&#8217;ipad, a qui si no.<\/p>\n<p><img loading=\"lazy\" decoding=\"async\" alt=\"IMG_4685\" src=\"http:\/\/www.traba.org\/trabablog\/wp-content\/uploads\/2013\/11\/IMG_4685.jpg\" width=\"800\" height=\"534\" \/><\/p>\n","protected":false},"excerpt":{"rendered":"<p>no hem fet res especial excepte treballar, anar a la guarde i distreure&#8217;ns els caps de setmana. ens agrada anar a viader a merenar. i algun divendres, sopar sushi. la&#8230;<\/p>\n","protected":false},"author":5,"featured_media":9149,"comment_status":"open","ping_status":"closed","sticky":false,"template":"","format":"standard","meta":{"_monsterinsights_skip_tracking":false,"_monsterinsights_sitenote_active":false,"_monsterinsights_sitenote_note":"","_monsterinsights_sitenote_category":0,"footnotes":""},"categories":[28],"tags":[62,104,100,41,45,42],"class_list":["post-9187","post","type-post","status-publish","format-standard","has-post-thumbnail","hentry","category-ordinary-days","tag-barcelona","tag-firsts","tag-lola","tag-mar","tag-menjar","tag-platja"],"_links":{"self":[{"href":"http:\/\/traba.org\/trabablog\/index.php?rest_route=\/wp\/v2\/posts\/9187","targetHints":{"allow":["GET"]}}],"collection":[{"href":"http:\/\/traba.org\/trabablog\/index.php?rest_route=\/wp\/v2\/posts"}],"about":[{"href":"http:\/\/traba.org\/trabablog\/index.php?rest_route=\/wp\/v2\/types\/post"}],"author":[{"embeddable":true,"href":"http:\/\/traba.org\/trabablog\/index.php?rest_route=\/wp\/v2\/users\/5"}],"replies":[{"embeddable":true,"href":"http:\/\/traba.org\/trabablog\/index.php?rest_route=%2Fwp%2Fv2%2Fcomments&post=9187"}],"version-history":[{"count":2,"href":"http:\/\/traba.org\/trabablog\/index.php?rest_route=\/wp\/v2\/posts\/9187\/revisions"}],"predecessor-version":[{"id":9189,"href":"http:\/\/traba.org\/trabablog\/index.php?rest_route=\/wp\/v2\/posts\/9187\/revisions\/9189"}],"wp:featuredmedia":[{"embeddable":true,"href":"http:\/\/traba.org\/trabablog\/index.php?rest_route=\/wp\/v2\/media\/9149"}],"wp:attachment":[{"href":"http:\/\/traba.org\/trabablog\/index.php?rest_route=%2Fwp%2Fv2%2Fmedia&parent=9187"}],"wp:term":[{"taxonomy":"category","embeddable":true,"href":"http:\/\/traba.org\/trabablog\/index.php?rest_route=%2Fwp%2Fv2%2Fcategories&post=9187"},{"taxonomy":"post_tag","embeddable":true,"href":"http:\/\/traba.org\/trabablog\/index.php?rest_route=%2Fwp%2Fv2%2Ftags&post=9187"}],"curies":[{"name":"wp","href":"https:\/\/api.w.org\/{rel}","templated":true}]}}