{"id":9267,"date":"2013-12-30T09:19:49","date_gmt":"2013-12-30T08:19:49","guid":{"rendered":"http:\/\/www.traba.org\/trabablog\/?p=9267"},"modified":"2013-12-30T09:24:44","modified_gmt":"2013-12-30T08:24:44","slug":"tinc-fred-als-peus","status":"publish","type":"post","link":"http:\/\/traba.org\/trabablog\/?p=9267","title":{"rendered":"tinc fred als peus"},"content":{"rendered":"<p>vam haver de practicar una mica aix\u00f2 de portar casc, per\u00f2 ho hem aconseguit \ud83d\ude42<\/p>\n<p><img loading=\"lazy\" decoding=\"async\" alt=\"IMG_3771\" src=\"http:\/\/www.traba.org\/trabablog\/wp-content\/uploads\/2013\/12\/IMG_3771.jpg\" width=\"800\" height=\"1066\" \/><\/p>\n<p>al nostre aparato favorito: el tobogan.<\/p>\n<p><img loading=\"lazy\" decoding=\"async\" alt=\"IMG_3775\" src=\"http:\/\/www.traba.org\/trabablog\/wp-content\/uploads\/2013\/12\/IMG_3775.jpg\" width=\"800\" height=\"1066\" \/><\/p>\n<p>amb vestit i leggins. posando.<\/p>\n<p><img loading=\"lazy\" decoding=\"async\" alt=\"IMG_20131210_093142\" src=\"http:\/\/www.traba.org\/trabablog\/wp-content\/uploads\/2013\/12\/IMG_20131210_093142.jpg\" width=\"800\" height=\"1066\" \/><\/p>\n<p>a vegades ens despistem i la cullera va a parar al cap.<\/p>\n<p><img loading=\"lazy\" decoding=\"async\" alt=\"IMG_3789\" src=\"http:\/\/www.traba.org\/trabablog\/wp-content\/uploads\/2013\/12\/IMG_3789.jpg\" width=\"800\" height=\"1066\" \/><\/p>\n<p>escoltant m\u00fasica.<\/p>\n<p><img loading=\"lazy\" decoding=\"async\" alt=\"IMG_3815\" src=\"http:\/\/www.traba.org\/trabablog\/wp-content\/uploads\/2013\/12\/IMG_3815.jpg\" width=\"800\" height=\"1066\" \/><\/p>\n<p>escrivint a m\u00e0quina.<\/p>\n<p><img loading=\"lazy\" decoding=\"async\" alt=\"IMG_3824\" src=\"http:\/\/www.traba.org\/trabablog\/wp-content\/uploads\/2013\/12\/IMG_3824.jpg\" width=\"800\" height=\"1066\" \/><\/p>\n<p>a passejar amb bici.<\/p>\n<p><img loading=\"lazy\" decoding=\"async\" alt=\"IMG_20131215_101157\" src=\"http:\/\/www.traba.org\/trabablog\/wp-content\/uploads\/2013\/12\/IMG_20131215_101157.jpg\" width=\"800\" height=\"600\" \/><\/p>\n<p>postures.<\/p>\n<p><img loading=\"lazy\" decoding=\"async\" alt=\"IMG_20131215_162200\" src=\"http:\/\/www.traba.org\/trabablog\/wp-content\/uploads\/2013\/12\/IMG_20131215_162200.jpg\" width=\"800\" height=\"1066\" \/><\/p>\n<p>la tarda de jocs.<\/p>\n<p><img loading=\"lazy\" decoding=\"async\" alt=\"IMG_20131215_164211\" src=\"http:\/\/www.traba.org\/trabablog\/wp-content\/uploads\/2013\/12\/IMG_20131215_164211.jpg\" width=\"800\" height=\"600\" \/><\/p>\n<p>al race for the galaxy.<\/p>\n<p><img loading=\"lazy\" decoding=\"async\" alt=\"IMG_20131215_165133\" src=\"http:\/\/www.traba.org\/trabablog\/wp-content\/uploads\/2013\/12\/IMG_20131215_165133.jpg\" width=\"800\" height=\"600\" \/> <img loading=\"lazy\" decoding=\"async\" alt=\"IMG_20131215_180853\" src=\"http:\/\/www.traba.org\/trabablog\/wp-content\/uploads\/2013\/12\/IMG_20131215_180853.jpg\" width=\"800\" height=\"600\" \/><\/p>\n<p>de tant en tant va a jugar sola a l\u2019habitaci\u00f3.<\/p>\n<p><img loading=\"lazy\" decoding=\"async\" alt=\"IMG_3843\" src=\"http:\/\/www.traba.org\/trabablog\/wp-content\/uploads\/2013\/12\/IMG_3843.jpg\" width=\"800\" height=\"600\" \/><\/p>\n<p>el berenar de nadal de la guarde.<\/p>\n<p><img loading=\"lazy\" decoding=\"async\" alt=\"IMG_20131220_163710\" src=\"http:\/\/www.traba.org\/trabablog\/wp-content\/uploads\/2013\/12\/IMG_20131220_163710.jpg\" width=\"800\" height=\"600\" \/><\/p>\n<p>a la lina amb la s\u00edlvia.<\/p>\n<p><img loading=\"lazy\" decoding=\"async\" alt=\"IMG_3859\" src=\"http:\/\/www.traba.org\/trabablog\/wp-content\/uploads\/2013\/12\/IMG_3859.jpg\" width=\"800\" height=\"1066\" \/><\/p>\n<p>i a esmorzar al kiosko.<\/p>\n<p><img loading=\"lazy\" decoding=\"async\" alt=\"IMG_20131221_105122\" src=\"http:\/\/www.traba.org\/trabablog\/wp-content\/uploads\/2013\/12\/IMG_20131221_105122.jpg\" width=\"800\" height=\"600\" \/><\/p>\n<p>i a tornar-hi amb la bici, que ens diverteix bastant.<\/p>\n<p><img loading=\"lazy\" decoding=\"async\" alt=\"IMG_3888\" src=\"http:\/\/www.traba.org\/trabablog\/wp-content\/uploads\/2013\/12\/IMG_3888.jpg\" width=\"800\" height=\"600\" \/><\/p>\n<p>ups.<\/p>\n<p><img loading=\"lazy\" decoding=\"async\" alt=\"IMG_20131222_112936\" src=\"http:\/\/www.traba.org\/trabablog\/wp-content\/uploads\/2013\/12\/IMG_20131222_112936.jpg\" width=\"800\" height=\"1066\" \/><\/p>\n<p>al parc esperant a la tieta.<\/p>\n<p><img loading=\"lazy\" decoding=\"async\" alt=\"IMG_3907\" src=\"http:\/\/www.traba.org\/trabablog\/wp-content\/uploads\/2013\/12\/IMG_3907.jpg\" width=\"800\" height=\"1066\" \/><\/p>\n<p>el dinar de nadal.<\/p>\n<p><img loading=\"lazy\" decoding=\"async\" alt=\"IMG_20131225_161735\" src=\"http:\/\/www.traba.org\/trabablog\/wp-content\/uploads\/2013\/12\/IMG_20131225_161735.jpg\" width=\"800\" height=\"1066\" \/><\/p>\n<p>tocant el dit del cambrer del santa marta.<\/p>\n<p><img loading=\"lazy\" decoding=\"async\" alt=\"IMG_20131226_100723\" src=\"http:\/\/www.traba.org\/trabablog\/wp-content\/uploads\/2013\/12\/IMG_20131226_100723.jpg\" width=\"800\" height=\"1066\" \/><\/p>\n<p>despedint el tren de caspe a l\u2019estaci\u00f3 de fran\u00e7a amb poc entusiasme. per\u00f2 a partir d\u2019aqu\u00ed li hem dit adeu a tots els trens, cotxes i autobusos que hem vist.<\/p>\n<p><img loading=\"lazy\" decoding=\"async\" alt=\"IMG_3932\" src=\"http:\/\/www.traba.org\/trabablog\/wp-content\/uploads\/2013\/12\/IMG_3932.jpg\" width=\"800\" height=\"600\" \/><\/p>\n<p>necessitem ja el cotxe nou. i aix\u00f2 nom\u00e9s era el cap\u00f3.<\/p>\n<p><img loading=\"lazy\" decoding=\"async\" alt=\"IMG_20131227_165934\" src=\"http:\/\/www.traba.org\/trabablog\/wp-content\/uploads\/2013\/12\/IMG_20131227_165934.jpg\" width=\"800\" height=\"600\" \/><\/p>\n<p>jugant amb els ninots de l\u2019\u00e0via del dia de nadal.<\/p>\n<p><img loading=\"lazy\" decoding=\"async\" alt=\"IMG_20131228_120730\" src=\"http:\/\/www.traba.org\/trabablog\/wp-content\/uploads\/2013\/12\/IMG_20131228_120730.jpg\" width=\"800\" height=\"1066\" \/><\/p>\n<p>la llum del menjador de sitges fa fotos com aquestes.<\/p>\n<p><img loading=\"lazy\" decoding=\"async\" alt=\"IMG_3957\" src=\"http:\/\/www.traba.org\/trabablog\/wp-content\/uploads\/2013\/12\/IMG_3957.jpg\" width=\"800\" height=\"1066\" \/><\/p>\n<p>la loula i la sang del petit incident que vam tenir baixant del llit.<\/p>\n<p><img loading=\"lazy\" decoding=\"async\" alt=\"IMG_20131229_112323\" src=\"http:\/\/www.traba.org\/trabablog\/wp-content\/uploads\/2013\/12\/IMG_20131229_112323.jpg\" width=\"800\" height=\"600\" \/><\/p>\n<p>a la sorra.<\/p>\n<p><img loading=\"lazy\" decoding=\"async\" alt=\"IMG_20131229_165635\" src=\"http:\/\/www.traba.org\/trabablog\/wp-content\/uploads\/2013\/12\/IMG_20131229_165635.jpg\" width=\"800\" height=\"600\" \/><\/p>\n<p>el sol de tarda de sitges.<\/p>\n<p><img loading=\"lazy\" decoding=\"async\" alt=\"IMG_3825\" src=\"http:\/\/www.traba.org\/trabablog\/wp-content\/uploads\/2013\/12\/IMG_3825.jpg\" width=\"800\" height=\"533\" \/><\/p>\n<p>i ens va venir a veure la vera.<\/p>\n<p><img loading=\"lazy\" decoding=\"async\" alt=\"IMG_3833\" src=\"http:\/\/www.traba.org\/trabablog\/wp-content\/uploads\/2013\/12\/IMG_3833.jpg\" width=\"800\" height=\"533\" \/><\/p>\n<p>i de passeig.<\/p>\n<p><img loading=\"lazy\" decoding=\"async\" alt=\"IMG_3837\" src=\"http:\/\/www.traba.org\/trabablog\/wp-content\/uploads\/2013\/12\/IMG_3837.jpg\" width=\"800\" height=\"533\" \/><\/p>\n<p>la cara no est\u00e0 bruta, \u00e9s d\u2019un primer incident d\u2019ahir, no el d\u2019avui&#8230;<\/p>\n<p><img loading=\"lazy\" decoding=\"async\" alt=\"IMG_3840\" src=\"http:\/\/www.traba.org\/trabablog\/wp-content\/uploads\/2013\/12\/IMG_3840.jpg\" width=\"800\" height=\"533\" \/><\/p>\n<p>seguim amb el cubo i la pala, \u00e9s lo que t\u00e8 sitges.<\/p>\n<p><img loading=\"lazy\" decoding=\"async\" alt=\"IMG_3857\" src=\"http:\/\/www.traba.org\/trabablog\/wp-content\/uploads\/2013\/12\/IMG_3857.jpg\" width=\"800\" height=\"533\" \/> <img loading=\"lazy\" decoding=\"async\" alt=\"IMG_3860\" src=\"http:\/\/www.traba.org\/trabablog\/wp-content\/uploads\/2013\/12\/IMG_3860.jpg\" width=\"800\" height=\"1200\" \/> <img loading=\"lazy\" decoding=\"async\" alt=\"IMG_3868\" src=\"http:\/\/www.traba.org\/trabablog\/wp-content\/uploads\/2013\/12\/IMG_3868.jpg\" width=\"800\" height=\"533\" \/><\/p>\n<p>baixant graons sola.<\/p>\n<p><img loading=\"lazy\" decoding=\"async\" alt=\"IMG_3871\" src=\"http:\/\/www.traba.org\/trabablog\/wp-content\/uploads\/2013\/12\/IMG_3871.jpg\" width=\"800\" height=\"1200\" \/><\/p>\n<p>passejant pel passeig com una nena gran, sola.<\/p>\n<p><img loading=\"lazy\" decoding=\"async\" alt=\"IMG_3873\" src=\"http:\/\/www.traba.org\/trabablog\/wp-content\/uploads\/2013\/12\/IMG_3873.jpg\" width=\"800\" height=\"533\" \/> <img loading=\"lazy\" decoding=\"async\" alt=\"IMG_3875\" src=\"http:\/\/www.traba.org\/trabablog\/wp-content\/uploads\/2013\/12\/IMG_3875.jpg\" width=\"800\" height=\"533\" \/><\/p>\n<p>la sorra estava humida i freda.<\/p>\n<p><img loading=\"lazy\" decoding=\"async\" alt=\"IMG_3890\" src=\"http:\/\/www.traba.org\/trabablog\/wp-content\/uploads\/2013\/12\/IMG_3890.jpg\" width=\"800\" height=\"533\" \/><\/p>\n<p>parlant.<\/p>\n<p><img loading=\"lazy\" decoding=\"async\" alt=\"IMG_3898\" src=\"http:\/\/www.traba.org\/trabablog\/wp-content\/uploads\/2013\/12\/IMG_3898.jpg\" width=\"800\" height=\"533\" \/><\/p>\n<p>a la vera se li va passar la son al veure la sorra.<\/p>\n<p><img loading=\"lazy\" decoding=\"async\" alt=\"IMG_3899\" src=\"http:\/\/www.traba.org\/trabablog\/wp-content\/uploads\/2013\/12\/IMG_3899.jpg\" width=\"800\" height=\"533\" \/> <img loading=\"lazy\" decoding=\"async\" alt=\"IMG_3903\" src=\"http:\/\/www.traba.org\/trabablog\/wp-content\/uploads\/2013\/12\/IMG_3903.jpg\" width=\"800\" height=\"1200\" \/><\/p>\n<p>retroiluminada.<\/p>\n<p><img loading=\"lazy\" decoding=\"async\" alt=\"IMG_3905\" src=\"http:\/\/www.traba.org\/trabablog\/wp-content\/uploads\/2013\/12\/IMG_3905.jpg\" width=\"800\" height=\"533\" \/><\/p>\n<p>l\u2019incident de la vera.<\/p>\n<p><img loading=\"lazy\" decoding=\"async\" alt=\"IMG_3908\" src=\"http:\/\/www.traba.org\/trabablog\/wp-content\/uploads\/2013\/12\/IMG_3908.jpg\" width=\"800\" height=\"533\" \/><\/p>\n<p>treient-li la sorra.<\/p>\n<p><img loading=\"lazy\" decoding=\"async\" alt=\"IMG_3910\" src=\"http:\/\/www.traba.org\/trabablog\/wp-content\/uploads\/2013\/12\/IMG_3910.jpg\" width=\"800\" height=\"533\" \/><\/p>\n<p>:_(<\/p>\n<p><img loading=\"lazy\" decoding=\"async\" alt=\"IMG_3922\" src=\"http:\/\/www.traba.org\/trabablog\/wp-content\/uploads\/2013\/12\/IMG_3922.jpg\" width=\"800\" height=\"533\" \/><\/p>\n","protected":false},"excerpt":{"rendered":"<p>vam haver de practicar una mica aix\u00f2 de portar casc, per\u00f2 ho hem aconseguit \ud83d\ude42 al nostre aparato favorito: el tobogan. amb vestit i leggins. posando. a vegades ens despistem&#8230;<\/p>\n","protected":false},"author":5,"featured_media":9245,"comment_status":"open","ping_status":"closed","sticky":false,"template":"","format":"standard","meta":{"_monsterinsights_skip_tracking":false,"_monsterinsights_sitenote_active":false,"_monsterinsights_sitenote_note":"","_monsterinsights_sitenote_category":0,"footnotes":""},"categories":[28],"tags":[62,104,78,100,41,42,89],"class_list":["post-9267","post","type-post","status-publish","format-standard","has-post-thumbnail","hentry","category-ordinary-days","tag-barcelona","tag-firsts","tag-hivern","tag-lola","tag-mar","tag-platja","tag-sitges"],"_links":{"self":[{"href":"http:\/\/traba.org\/trabablog\/index.php?rest_route=\/wp\/v2\/posts\/9267","targetHints":{"allow":["GET"]}}],"collection":[{"href":"http:\/\/traba.org\/trabablog\/index.php?rest_route=\/wp\/v2\/posts"}],"about":[{"href":"http:\/\/traba.org\/trabablog\/index.php?rest_route=\/wp\/v2\/types\/post"}],"author":[{"embeddable":true,"href":"http:\/\/traba.org\/trabablog\/index.php?rest_route=\/wp\/v2\/users\/5"}],"replies":[{"embeddable":true,"href":"http:\/\/traba.org\/trabablog\/index.php?rest_route=%2Fwp%2Fv2%2Fcomments&post=9267"}],"version-history":[{"count":2,"href":"http:\/\/traba.org\/trabablog\/index.php?rest_route=\/wp\/v2\/posts\/9267\/revisions"}],"predecessor-version":[{"id":9270,"href":"http:\/\/traba.org\/trabablog\/index.php?rest_route=\/wp\/v2\/posts\/9267\/revisions\/9270"}],"wp:featuredmedia":[{"embeddable":true,"href":"http:\/\/traba.org\/trabablog\/index.php?rest_route=\/wp\/v2\/media\/9245"}],"wp:attachment":[{"href":"http:\/\/traba.org\/trabablog\/index.php?rest_route=%2Fwp%2Fv2%2Fmedia&parent=9267"}],"wp:term":[{"taxonomy":"category","embeddable":true,"href":"http:\/\/traba.org\/trabablog\/index.php?rest_route=%2Fwp%2Fv2%2Fcategories&post=9267"},{"taxonomy":"post_tag","embeddable":true,"href":"http:\/\/traba.org\/trabablog\/index.php?rest_route=%2Fwp%2Fv2%2Ftags&post=9267"}],"curies":[{"name":"wp","href":"https:\/\/api.w.org\/{rel}","templated":true}]}}