{"id":9296,"date":"2014-01-02T21:19:29","date_gmt":"2014-01-02T20:19:29","guid":{"rendered":"http:\/\/www.traba.org\/trabablog\/?p=9296"},"modified":"2014-01-02T21:25:01","modified_gmt":"2014-01-02T20:25:01","slug":"socializing","status":"publish","type":"post","link":"http:\/\/traba.org\/trabablog\/?p=9296","title":{"rendered":"socializing"},"content":{"rendered":"<p>a la platja de sitges, jugnat amb el cubo i la pala.<\/p>\n<p><img loading=\"lazy\" decoding=\"async\" alt=\"IMG_20131230_164340\" src=\"http:\/\/www.traba.org\/trabablog\/wp-content\/uploads\/2014\/01\/IMG_20131230_164340.jpg\" width=\"800\" height=\"1066\" \/><\/p>\n<p>esperant a la posta de sol.<\/p>\n<p><img loading=\"lazy\" decoding=\"async\" alt=\"IMG_20131230_165001\" src=\"http:\/\/www.traba.org\/trabablog\/wp-content\/uploads\/2014\/01\/IMG_20131230_165001.jpg\" width=\"800\" height=\"1066\" \/><\/p>\n<p>passejant&#8230;<\/p>\n<p><img loading=\"lazy\" decoding=\"async\" alt=\"IMG_20131230_165252\" src=\"http:\/\/www.traba.org\/trabablog\/wp-content\/uploads\/2014\/01\/IMG_20131230_165252.jpg\" width=\"800\" height=\"600\" \/><\/p>\n<p>ben abrigats.<\/p>\n<p><img loading=\"lazy\" decoding=\"async\" alt=\"IMG_20131230_165259\" src=\"http:\/\/www.traba.org\/trabablog\/wp-content\/uploads\/2014\/01\/IMG_20131230_165259.jpg\" width=\"800\" height=\"600\" \/><\/p>\n<p>el dia 31 ens va venir a veure el xavi.<\/p>\n<p><img loading=\"lazy\" decoding=\"async\" alt=\"IMG_20131231_205130\" src=\"http:\/\/www.traba.org\/trabablog\/wp-content\/uploads\/2014\/01\/IMG_20131231_205130.jpg\" width=\"800\" height=\"600\" \/><\/p>\n<p>i vam fer unes partides del RFTG.<\/p>\n<p><img loading=\"lazy\" decoding=\"async\" alt=\"IMG_20131231_213202\" src=\"http:\/\/www.traba.org\/trabablog\/wp-content\/uploads\/2014\/01\/IMG_20131231_213202.jpg\" width=\"800\" height=\"600\" \/><\/p>\n<p>i unes cerveses.<\/p>\n<p><img loading=\"lazy\" decoding=\"async\" alt=\"IMG_20131231_223220\" src=\"http:\/\/www.traba.org\/trabablog\/wp-content\/uploads\/2014\/01\/IMG_20131231_223220.jpg\" width=\"800\" height=\"600\" \/><\/p>\n<p>i el dia 1 a dinar al vivero.<\/p>\n<p><img loading=\"lazy\" decoding=\"async\" alt=\"IMG_20140101_155846\" src=\"http:\/\/www.traba.org\/trabablog\/wp-content\/uploads\/2014\/01\/IMG_20140101_155846.jpg\" width=\"800\" height=\"1066\" \/><\/p>\n<p>va estar b\u00e9, per\u00f2 es respirava bastan de mal humor entre els cambrers\u2026 no s\u00e9 si ser\u00e0 un sol dia o \u00e9s que ha canviat alguna cosa.<\/p>\n<p><img loading=\"lazy\" decoding=\"async\" alt=\"IMG_20140101_164620\" src=\"http:\/\/www.traba.org\/trabablog\/wp-content\/uploads\/2014\/01\/IMG_20140101_164620.jpg\" width=\"800\" height=\"600\" \/><\/p>\n<p>dibuixant.<\/p>\n<p><img loading=\"lazy\" decoding=\"async\" alt=\"IMG_20140101_121845\" src=\"http:\/\/www.traba.org\/trabablog\/wp-content\/uploads\/2014\/01\/IMG_20140101_121845.jpg\" width=\"800\" height=\"600\" \/><\/p>\n<p>li ha encantat aquesta cadira. ens l\u2019emportar\u00edem si tingu\u00e9ssim lloc al cotxe.<\/p>\n<p><img loading=\"lazy\" decoding=\"async\" alt=\"IMG_20140101_122135\" src=\"http:\/\/www.traba.org\/trabablog\/wp-content\/uploads\/2014\/01\/IMG_20140101_122135.jpg\" width=\"800\" height=\"600\" \/><\/p>\n<p>i el dia 2 de visita a barcelona, al santa marta.<\/p>\n<p><img loading=\"lazy\" decoding=\"async\" alt=\"IMG_20140102_105950\" src=\"http:\/\/www.traba.org\/trabablog\/wp-content\/uploads\/2014\/01\/IMG_20140102_105950.jpg\" width=\"800\" height=\"600\" \/><\/p>\n<p>aqu\u00ed nom\u00e9s faltava la nani.<\/p>\n<p><img loading=\"lazy\" decoding=\"async\" alt=\"PANO_20140102_110454\" src=\"http:\/\/www.traba.org\/trabablog\/wp-content\/uploads\/2014\/01\/PANO_20140102_110454.jpg\" width=\"800\" height=\"157\" \/><\/p>\n<p>l\u2019urgell.<\/p>\n<p><img loading=\"lazy\" decoding=\"async\" alt=\"IMG_20140102_110711\" src=\"http:\/\/www.traba.org\/trabablog\/wp-content\/uploads\/2014\/01\/IMG_20140102_110711.jpg\" width=\"800\" height=\"600\" \/><\/p>\n<p>la nani que ja havia arribat i el joan.<\/p>\n<p><img loading=\"lazy\" decoding=\"async\" alt=\"IMG_20140102_122441\" src=\"http:\/\/www.traba.org\/trabablog\/wp-content\/uploads\/2014\/01\/IMG_20140102_122441.jpg\" width=\"800\" height=\"1066\" \/><\/p>\n<p>que li molestava el sol.<\/p>\n<p><img loading=\"lazy\" decoding=\"async\" alt=\"IMG_20140102_122542\" src=\"http:\/\/www.traba.org\/trabablog\/wp-content\/uploads\/2014\/01\/IMG_20140102_122542.jpg\" width=\"800\" height=\"600\" \/><\/p>\n<p>una de tots.<\/p>\n<p><img loading=\"lazy\" decoding=\"async\" alt=\"IMG_20140102_124638\" src=\"http:\/\/www.traba.org\/trabablog\/wp-content\/uploads\/2014\/01\/IMG_20140102_124638.jpg\" width=\"800\" height=\"600\" \/> <img loading=\"lazy\" decoding=\"async\" alt=\"IMG_3951\" src=\"http:\/\/www.traba.org\/trabablog\/wp-content\/uploads\/2014\/01\/IMG_3951.jpg\" width=\"800\" height=\"533\" \/><\/p>\n<p>la meritxell.<\/p>\n<p><img loading=\"lazy\" decoding=\"async\" alt=\"IMG_3953\" src=\"http:\/\/www.traba.org\/trabablog\/wp-content\/uploads\/2014\/01\/IMG_3953.jpg\" width=\"800\" height=\"533\" \/><\/p>\n<p>la jordina montserrat.<\/p>\n<p><img loading=\"lazy\" decoding=\"async\" alt=\"IMG_3956\" src=\"http:\/\/www.traba.org\/trabablog\/wp-content\/uploads\/2014\/01\/IMG_3956.jpg\" width=\"800\" height=\"533\" \/><\/p>\n<p>el joan un altre cop \ud83d\ude42<\/p>\n<p><img loading=\"lazy\" decoding=\"async\" alt=\"IMG_3958\" src=\"http:\/\/www.traba.org\/trabablog\/wp-content\/uploads\/2014\/01\/IMG_3958.jpg\" width=\"800\" height=\"533\" \/><\/p>\n<p><img loading=\"lazy\" decoding=\"async\" alt=\"IMG_3973\" src=\"http:\/\/www.traba.org\/trabablog\/wp-content\/uploads\/2014\/01\/IMG_3973.jpg\" width=\"800\" height=\"533\" \/><\/p>\n<p>i l&#8217;helena.<\/p>\n<p><img loading=\"lazy\" decoding=\"async\" alt=\"IMG_3975\" src=\"http:\/\/www.traba.org\/trabablog\/wp-content\/uploads\/2014\/01\/IMG_3975.jpg\" width=\"800\" height=\"533\" \/><\/p>\n<p>i una altra cosa que ha passat avui per\u00f2 que no posar\u00e9 la foto. la lola ha fet caca i pipi a l\u2019orinal! aqu\u00ed a sitges l\u2019altre dia vaig trobar un orinal i el vaig deixar al lavabo. avui, est\u00e0vem a la banyera amb la lola i de cop ha comen\u00e7at a dir caca i a senyalar l\u2019orinal. l\u2019hi he assegut i ol\u00e9! all\u00e0 ha dexat el trunyo \ud83d\ude00<\/p>\n","protected":false},"excerpt":{"rendered":"<p>a la platja de sitges, jugnat amb el cubo i la pala. esperant a la posta de sol. passejant&#8230; ben abrigats. el dia 31 ens va venir a veure el&#8230;<\/p>\n","protected":false},"author":5,"featured_media":9273,"comment_status":"open","ping_status":"closed","sticky":false,"template":"","format":"standard","meta":{"_monsterinsights_skip_tracking":false,"_monsterinsights_sitenote_active":false,"_monsterinsights_sitenote_note":"","_monsterinsights_sitenote_category":0,"footnotes":""},"categories":[28],"tags":[62,104,78,100,45,89],"class_list":["post-9296","post","type-post","status-publish","format-standard","has-post-thumbnail","hentry","category-ordinary-days","tag-barcelona","tag-firsts","tag-hivern","tag-lola","tag-menjar","tag-sitges"],"_links":{"self":[{"href":"http:\/\/traba.org\/trabablog\/index.php?rest_route=\/wp\/v2\/posts\/9296","targetHints":{"allow":["GET"]}}],"collection":[{"href":"http:\/\/traba.org\/trabablog\/index.php?rest_route=\/wp\/v2\/posts"}],"about":[{"href":"http:\/\/traba.org\/trabablog\/index.php?rest_route=\/wp\/v2\/types\/post"}],"author":[{"embeddable":true,"href":"http:\/\/traba.org\/trabablog\/index.php?rest_route=\/wp\/v2\/users\/5"}],"replies":[{"embeddable":true,"href":"http:\/\/traba.org\/trabablog\/index.php?rest_route=%2Fwp%2Fv2%2Fcomments&post=9296"}],"version-history":[{"count":2,"href":"http:\/\/traba.org\/trabablog\/index.php?rest_route=\/wp\/v2\/posts\/9296\/revisions"}],"predecessor-version":[{"id":9298,"href":"http:\/\/traba.org\/trabablog\/index.php?rest_route=\/wp\/v2\/posts\/9296\/revisions\/9298"}],"wp:featuredmedia":[{"embeddable":true,"href":"http:\/\/traba.org\/trabablog\/index.php?rest_route=\/wp\/v2\/media\/9273"}],"wp:attachment":[{"href":"http:\/\/traba.org\/trabablog\/index.php?rest_route=%2Fwp%2Fv2%2Fmedia&parent=9296"}],"wp:term":[{"taxonomy":"category","embeddable":true,"href":"http:\/\/traba.org\/trabablog\/index.php?rest_route=%2Fwp%2Fv2%2Fcategories&post=9296"},{"taxonomy":"post_tag","embeddable":true,"href":"http:\/\/traba.org\/trabablog\/index.php?rest_route=%2Fwp%2Fv2%2Ftags&post=9296"}],"curies":[{"name":"wp","href":"https:\/\/api.w.org\/{rel}","templated":true}]}}