{"id":9359,"date":"2014-02-11T21:41:50","date_gmt":"2014-02-11T20:41:50","guid":{"rendered":"http:\/\/www.traba.org\/trabablog\/?p=9359"},"modified":"2014-02-11T21:42:54","modified_gmt":"2014-02-11T20:42:54","slug":"calotada-can-pep-trivisited","status":"publish","type":"post","link":"http:\/\/traba.org\/trabablog\/?p=9359","title":{"rendered":"Cal\u00e7otada Can Pep, trivisited"},"content":{"rendered":"<p>ja \u00e9s el tercer any, no consecotiu que fem una cal\u00e7otada a valls per aquesta \u00e8poca i amb la fam\u00edlia losa-rodr\u00edguez &amp;Co. es podria dir que ja \u00e9s tracici\u00f3 \ud83d\ude1b<\/p>\n<p>aquesta \u00e9s la casa can pep. l\u2019exterior est\u00e0 prou b\u00e9.<\/p>\n<p><img loading=\"lazy\" decoding=\"async\" alt=\"DSCF0058\" src=\"http:\/\/www.traba.org\/trabablog\/wp-content\/uploads\/2014\/02\/DSCF0058.jpg\" width=\"800\" height=\"450\" \/><\/p>\n<p>com veureu, els protagonistes no seran els cal\u00e7ots, seran m\u00e9s aviat la lola&#8230;<\/p>\n<p><img loading=\"lazy\" decoding=\"async\" alt=\"DSCF0059\" src=\"http:\/\/www.traba.org\/trabablog\/wp-content\/uploads\/2014\/02\/DSCF0059.jpg\" width=\"800\" height=\"1419\" \/><\/p>\n<p>i la laura.<\/p>\n<p><img loading=\"lazy\" decoding=\"async\" alt=\"DSCF0067\" src=\"http:\/\/www.traba.org\/trabablog\/wp-content\/uploads\/2014\/02\/DSCF0067.jpg\" width=\"800\" height=\"450\" \/><\/p>\n<p>aqu\u00ed hav\u00edem acabat d\u2019arribar.<\/p>\n<p><img loading=\"lazy\" decoding=\"async\" alt=\"DSCF0073\" src=\"http:\/\/www.traba.org\/trabablog\/wp-content\/uploads\/2014\/02\/DSCF0073.jpg\" width=\"800\" height=\"450\" \/><\/p>\n<p>i la laura ens ajudava a preparar els cal\u00e7ots.<\/p>\n<p><img loading=\"lazy\" decoding=\"async\" alt=\"DSCF0085\" src=\"http:\/\/www.traba.org\/trabablog\/wp-content\/uploads\/2014\/02\/DSCF0085.jpg\" width=\"800\" height=\"450\" \/><\/p>\n<p><img loading=\"lazy\" decoding=\"async\" alt=\"IMG_3977\" src=\"http:\/\/www.traba.org\/trabablog\/wp-content\/uploads\/2014\/02\/IMG_3977.jpg\" width=\"800\" height=\"533\" \/><\/p>\n<p>el foc&#8230;<\/p>\n<p><img loading=\"lazy\" decoding=\"async\" alt=\"DSCF0101\" src=\"http:\/\/www.traba.org\/trabablog\/wp-content\/uploads\/2014\/02\/DSCF0101.jpg\" width=\"800\" height=\"450\" \/><\/p>\n<p>un aplauso pal cocinero!<\/p>\n<p><img loading=\"lazy\" decoding=\"async\" alt=\"IMG_3995\" src=\"http:\/\/www.traba.org\/trabablog\/wp-content\/uploads\/2014\/02\/IMG_3995.jpg\" width=\"800\" height=\"533\" \/><\/p>\n<p>la cervecilla&#8230;<\/p>\n<p><img loading=\"lazy\" decoding=\"async\" alt=\"DSCF0121\" src=\"http:\/\/www.traba.org\/trabablog\/wp-content\/uploads\/2014\/02\/DSCF0121.jpg\" width=\"800\" height=\"450\" \/><\/p>\n<p>comencen les distraccions infantils.<\/p>\n<p><img loading=\"lazy\" decoding=\"async\" alt=\"DSCF0128\" src=\"http:\/\/www.traba.org\/trabablog\/wp-content\/uploads\/2014\/02\/DSCF0128.jpg\" width=\"800\" height=\"450\" \/> <img loading=\"lazy\" decoding=\"async\" alt=\"DSCF0144\" src=\"http:\/\/www.traba.org\/trabablog\/wp-content\/uploads\/2014\/02\/DSCF0144.jpg\" width=\"800\" height=\"450\" \/> <img loading=\"lazy\" decoding=\"async\" alt=\"DSCF0150\" src=\"http:\/\/www.traba.org\/trabablog\/wp-content\/uploads\/2014\/02\/DSCF0150.jpg\" width=\"800\" height=\"450\" \/><\/p>\n<p>la pilota.<\/p>\n<p><img loading=\"lazy\" decoding=\"async\" alt=\"IMG_20140208_120842\" src=\"http:\/\/www.traba.org\/trabablog\/wp-content\/uploads\/2014\/02\/IMG_20140208_120842.jpg\" width=\"800\" height=\"600\" \/><\/p>\n<p><img loading=\"lazy\" decoding=\"async\" alt=\"IMG_4189\" src=\"http:\/\/www.traba.org\/trabablog\/wp-content\/uploads\/2014\/02\/IMG_4189.jpg\" width=\"800\" height=\"600\" \/><\/p>\n<p>a tirar pedretes i mirar on han caigut.<\/p>\n<p><img loading=\"lazy\" decoding=\"async\" alt=\"IMG_20140208_120733\" src=\"http:\/\/www.traba.org\/trabablog\/wp-content\/uploads\/2014\/02\/IMG_20140208_120733.jpg\" width=\"800\" height=\"600\" \/><\/p>\n<p>mirant la piscina.<\/p>\n<p><img loading=\"lazy\" decoding=\"async\" alt=\"DSCF0178\" src=\"http:\/\/www.traba.org\/trabablog\/wp-content\/uploads\/2014\/02\/DSCF0178.jpg\" width=\"800\" height=\"450\" \/><\/p>\n<p><img loading=\"lazy\" decoding=\"async\" alt=\"IMG_3998\" src=\"http:\/\/www.traba.org\/trabablog\/wp-content\/uploads\/2014\/02\/IMG_3998.jpg\" width=\"800\" height=\"533\" \/><\/p>\n<p>la moto.<\/p>\n<p><img loading=\"lazy\" decoding=\"async\" alt=\"IMG_3983\" src=\"http:\/\/www.traba.org\/trabablog\/wp-content\/uploads\/2014\/02\/IMG_39831.jpg\" width=\"800\" height=\"533\" \/><\/p>\n<p>l\u2019ipad.<\/p>\n<p><img loading=\"lazy\" decoding=\"async\" alt=\"IMG_4001\" src=\"http:\/\/www.traba.org\/trabablog\/wp-content\/uploads\/2014\/02\/IMG_40011.jpg\" width=\"800\" height=\"1200\" \/><\/p>\n<p><img loading=\"lazy\" decoding=\"async\" alt=\"IMG_4004\" src=\"http:\/\/www.traba.org\/trabablog\/wp-content\/uploads\/2014\/02\/IMG_4004.jpg\" width=\"800\" height=\"533\" \/><\/p>\n<p>i a menjar!<\/p>\n<p><img loading=\"lazy\" decoding=\"async\" alt=\"DSCF0157\" src=\"http:\/\/www.traba.org\/trabablog\/wp-content\/uploads\/2014\/02\/DSCF0157.jpg\" width=\"800\" height=\"450\" \/><\/p>\n<p>amb un vermut que estava bo, i aix\u00f2 que a mi el vermut no m\u2019agrada massa.<\/p>\n<p><img loading=\"lazy\" decoding=\"async\" alt=\"DSCF0160\" src=\"http:\/\/www.traba.org\/trabablog\/wp-content\/uploads\/2014\/02\/DSCF0160.jpg\" width=\"800\" height=\"1419\" \/><\/p>\n<p>la salsa de cal\u00e7ots era handmade, pels propietaris de la casa.<\/p>\n<p><img loading=\"lazy\" decoding=\"async\" alt=\"DSCF0161\" src=\"http:\/\/www.traba.org\/trabablog\/wp-content\/uploads\/2014\/02\/DSCF0161.jpg\" width=\"800\" height=\"1419\" \/><\/p>\n<p>un vistazo general.<\/p>\n<p><img loading=\"lazy\" decoding=\"async\" alt=\"IMG_4188\" src=\"http:\/\/www.traba.org\/trabablog\/wp-content\/uploads\/2014\/02\/IMG_4188.jpg\" width=\"800\" height=\"600\" \/><\/p>\n<p>i el meu past\u00eds de cumpleanys que ens va fer l&#8217;isidre! moltes gr\u00e0cies \ud83d\ude00<\/p>\n<p><img loading=\"lazy\" decoding=\"async\" alt=\"DSCF0205\" src=\"http:\/\/www.traba.org\/trabablog\/wp-content\/uploads\/2014\/02\/DSCF0205.jpg\" width=\"800\" height=\"450\" \/><\/p>\n<p>els jocs indoor.<\/p>\n<p><img loading=\"lazy\" decoding=\"async\" alt=\"DSCF0229\" src=\"http:\/\/www.traba.org\/trabablog\/wp-content\/uploads\/2014\/02\/DSCF0229.jpg\" width=\"800\" height=\"450\" \/><\/p>\n<p>i despr\u00e9s de menjar, a escombrar!<\/p>\n<p><img loading=\"lazy\" decoding=\"async\" alt=\"DSCF0307\" src=\"http:\/\/www.traba.org\/trabablog\/wp-content\/uploads\/2014\/02\/DSCF0307.jpg\" width=\"800\" height=\"1419\" \/> <img loading=\"lazy\" decoding=\"async\" alt=\"IMG_4155\" src=\"http:\/\/www.traba.org\/trabablog\/wp-content\/uploads\/2014\/02\/IMG_4155.jpg\" width=\"800\" height=\"1066\" \/><\/p>\n<p>i els columpios.<\/p>\n<p><img loading=\"lazy\" decoding=\"async\" alt=\"IMG_4017\" src=\"http:\/\/www.traba.org\/trabablog\/wp-content\/uploads\/2014\/02\/IMG_4017.jpg\" width=\"800\" height=\"533\" \/> <img loading=\"lazy\" decoding=\"async\" alt=\"IMG_4027\" src=\"http:\/\/www.traba.org\/trabablog\/wp-content\/uploads\/2014\/02\/IMG_4027.jpg\" width=\"800\" height=\"533\" \/><\/p>\n<p>i res, que ens ho vam passar molt b\u00e9! ens veiem en un parell de setmanes!!!<\/p>\n","protected":false},"excerpt":{"rendered":"<p>ja \u00e9s el tercer any, no consecotiu que fem una cal\u00e7otada a valls per aquesta \u00e8poca i amb la fam\u00edlia losa-rodr\u00edguez &amp;Co. es podria dir que ja \u00e9s tracici\u00f3 \ud83d\ude1b&#8230;<\/p>\n","protected":false},"author":5,"featured_media":9348,"comment_status":"open","ping_status":"closed","sticky":false,"template":"","format":"standard","meta":{"_monsterinsights_skip_tracking":false,"_monsterinsights_sitenote_active":false,"_monsterinsights_sitenote_note":"","_monsterinsights_sitenote_category":0,"footnotes":""},"categories":[28],"tags":[78,100,45],"class_list":["post-9359","post","type-post","status-publish","format-standard","has-post-thumbnail","hentry","category-ordinary-days","tag-hivern","tag-lola","tag-menjar"],"_links":{"self":[{"href":"http:\/\/traba.org\/trabablog\/index.php?rest_route=\/wp\/v2\/posts\/9359","targetHints":{"allow":["GET"]}}],"collection":[{"href":"http:\/\/traba.org\/trabablog\/index.php?rest_route=\/wp\/v2\/posts"}],"about":[{"href":"http:\/\/traba.org\/trabablog\/index.php?rest_route=\/wp\/v2\/types\/post"}],"author":[{"embeddable":true,"href":"http:\/\/traba.org\/trabablog\/index.php?rest_route=\/wp\/v2\/users\/5"}],"replies":[{"embeddable":true,"href":"http:\/\/traba.org\/trabablog\/index.php?rest_route=%2Fwp%2Fv2%2Fcomments&post=9359"}],"version-history":[{"count":2,"href":"http:\/\/traba.org\/trabablog\/index.php?rest_route=\/wp\/v2\/posts\/9359\/revisions"}],"predecessor-version":[{"id":9361,"href":"http:\/\/traba.org\/trabablog\/index.php?rest_route=\/wp\/v2\/posts\/9359\/revisions\/9361"}],"wp:featuredmedia":[{"embeddable":true,"href":"http:\/\/traba.org\/trabablog\/index.php?rest_route=\/wp\/v2\/media\/9348"}],"wp:attachment":[{"href":"http:\/\/traba.org\/trabablog\/index.php?rest_route=%2Fwp%2Fv2%2Fmedia&parent=9359"}],"wp:term":[{"taxonomy":"category","embeddable":true,"href":"http:\/\/traba.org\/trabablog\/index.php?rest_route=%2Fwp%2Fv2%2Fcategories&post=9359"},{"taxonomy":"post_tag","embeddable":true,"href":"http:\/\/traba.org\/trabablog\/index.php?rest_route=%2Fwp%2Fv2%2Ftags&post=9359"}],"curies":[{"name":"wp","href":"https:\/\/api.w.org\/{rel}","templated":true}]}}