{"id":9474,"date":"2014-03-23T14:44:00","date_gmt":"2014-03-23T13:44:00","guid":{"rendered":"http:\/\/www.traba.org\/trabablog\/?p=9474"},"modified":"2014-03-23T15:18:55","modified_gmt":"2014-03-23T14:18:55","slug":"preparant-nos-per-menorca","status":"publish","type":"post","link":"http:\/\/traba.org\/trabablog\/?p=9474","title":{"rendered":"preparant-nos per menorca"},"content":{"rendered":"<p>la lola es va disfressar de mico per carnaval. si, no m\u2019he equivocat, mico, no ratol\u00ed. la guarde els hi va quedar molt b\u00e9, tota plena de lianes amb pl\u00e0tans i micos \ud83d\ude42<\/p>\n<p><img loading=\"lazy\" decoding=\"async\" alt=\"IMG_4347\" src=\"http:\/\/www.traba.org\/trabablog\/wp-content\/uploads\/2014\/03\/IMG_4347.jpg\" width=\"800\" height=\"1066\" \/><\/p>\n<p>la lola malalta\u2026 la tovallola sota d\u2019ella era un porsiacasovomita&#8230;<\/p>\n<p><img loading=\"lazy\" decoding=\"async\" alt=\"IMG_4414\" src=\"http:\/\/www.traba.org\/trabablog\/wp-content\/uploads\/2014\/03\/IMG_4414.jpg\" width=\"800\" height=\"1066\" \/><\/p>\n<p>ja recuperada \ud83d\ude42<\/p>\n<p><img loading=\"lazy\" decoding=\"async\" alt=\"IMG_4430\" src=\"http:\/\/www.traba.org\/trabablog\/wp-content\/uploads\/2014\/03\/IMG_4430.jpg\" width=\"800\" height=\"600\" \/><\/p>\n<p>ja es nota la primavera \ud83d\ude42<\/p>\n<p><img loading=\"lazy\" decoding=\"async\" alt=\"IMG_4449\" src=\"http:\/\/www.traba.org\/trabablog\/wp-content\/uploads\/2014\/03\/IMG_4449.jpg\" width=\"800\" height=\"1066\" \/><\/p>\n<p>al pati de la guarde.<\/p>\n<p><img loading=\"lazy\" decoding=\"async\" alt=\"IMG_4455\" src=\"http:\/\/www.traba.org\/trabablog\/wp-content\/uploads\/2014\/03\/IMG_4455.jpg\" width=\"800\" height=\"1066\" \/><\/p>\n<p>i la cal\u00e7otada SISAP\/SIDIAP a can boter.<\/p>\n<p><img loading=\"lazy\" decoding=\"async\" alt=\"IMG_4459\" src=\"http:\/\/www.traba.org\/trabablog\/wp-content\/uploads\/2014\/03\/IMG_4459.jpg\" width=\"800\" height=\"600\" \/><\/p>\n<p>amb pitets i guants de pl\u00e0stic. crec que \u00e9s la primera cal\u00e7otada que vaig amb aquests utensilios. prou bons els cal\u00e7ots, no com els de la lina, per\u00f2 b\u00e9.<\/p>\n<p><img loading=\"lazy\" decoding=\"async\" alt=\"IMG_4489\" src=\"http:\/\/www.traba.org\/trabablog\/wp-content\/uploads\/2014\/03\/IMG_4489.jpg\" width=\"800\" height=\"600\" \/><\/p>\n<p>aqu\u00ed comen\u00e7aven a fer efecte els cal\u00e7ots ;P<\/p>\n<p><img loading=\"lazy\" decoding=\"async\" alt=\"IMG_4510\" src=\"http:\/\/www.traba.org\/trabablog\/wp-content\/uploads\/2014\/03\/IMG_4510.jpg\" width=\"800\" height=\"600\" \/><\/p>\n<p>sobretot, que no caigui ni una gota de pacharan!<\/p>\n<p><img loading=\"lazy\" decoding=\"async\" alt=\"IMG_4551\" src=\"http:\/\/www.traba.org\/trabablog\/wp-content\/uploads\/2014\/03\/IMG_4551.jpg\" width=\"800\" height=\"1066\" \/><\/p>\n<p>i a la primavera\u2026 obren la caseta del migdia! ueeee \ud83d\ude00<\/p>\n<p><img loading=\"lazy\" decoding=\"async\" alt=\"IMG_4566\" src=\"http:\/\/www.traba.org\/trabablog\/wp-content\/uploads\/2014\/03\/IMG_4566.jpg\" width=\"800\" height=\"1066\" \/><\/p>\n<p>la lola ja porta cueta!<\/p>\n<p><img loading=\"lazy\" decoding=\"async\" alt=\"IMG_4583\" src=\"http:\/\/www.traba.org\/trabablog\/wp-content\/uploads\/2014\/03\/IMG_4583.jpg\" width=\"800\" height=\"1067\" \/><\/p>\n<p>i aqu\u00ed amb la gorra que ens hem comprat per menorca. tamb\u00e9 hem comprat una cadireta port\u00e0til i hem de comprar un cubo i una pala perqu\u00e8 el dels pakis que vam comprar ja s\u2019han trencat.<\/p>\n<p><img loading=\"lazy\" decoding=\"async\" alt=\"IMG_4605\" src=\"http:\/\/www.traba.org\/trabablog\/wp-content\/uploads\/2014\/03\/IMG_4605.jpg\" width=\"800\" height=\"1066\" \/><\/p>\n","protected":false},"excerpt":{"rendered":"<p>la lola es va disfressar de mico per carnaval. si, no m\u2019he equivocat, mico, no ratol\u00ed. la guarde els hi va quedar molt b\u00e9, tota plena de lianes amb pl\u00e0tans&#8230;<\/p>\n","protected":false},"author":5,"featured_media":9468,"comment_status":"open","ping_status":"closed","sticky":false,"template":"","format":"standard","meta":{"_monsterinsights_skip_tracking":false,"_monsterinsights_sitenote_active":false,"_monsterinsights_sitenote_note":"","_monsterinsights_sitenote_category":0,"footnotes":""},"categories":[28],"tags":[104,100],"class_list":["post-9474","post","type-post","status-publish","format-standard","has-post-thumbnail","hentry","category-ordinary-days","tag-firsts","tag-lola"],"_links":{"self":[{"href":"http:\/\/traba.org\/trabablog\/index.php?rest_route=\/wp\/v2\/posts\/9474","targetHints":{"allow":["GET"]}}],"collection":[{"href":"http:\/\/traba.org\/trabablog\/index.php?rest_route=\/wp\/v2\/posts"}],"about":[{"href":"http:\/\/traba.org\/trabablog\/index.php?rest_route=\/wp\/v2\/types\/post"}],"author":[{"embeddable":true,"href":"http:\/\/traba.org\/trabablog\/index.php?rest_route=\/wp\/v2\/users\/5"}],"replies":[{"embeddable":true,"href":"http:\/\/traba.org\/trabablog\/index.php?rest_route=%2Fwp%2Fv2%2Fcomments&post=9474"}],"version-history":[{"count":2,"href":"http:\/\/traba.org\/trabablog\/index.php?rest_route=\/wp\/v2\/posts\/9474\/revisions"}],"predecessor-version":[{"id":9476,"href":"http:\/\/traba.org\/trabablog\/index.php?rest_route=\/wp\/v2\/posts\/9474\/revisions\/9476"}],"wp:featuredmedia":[{"embeddable":true,"href":"http:\/\/traba.org\/trabablog\/index.php?rest_route=\/wp\/v2\/media\/9468"}],"wp:attachment":[{"href":"http:\/\/traba.org\/trabablog\/index.php?rest_route=%2Fwp%2Fv2%2Fmedia&parent=9474"}],"wp:term":[{"taxonomy":"category","embeddable":true,"href":"http:\/\/traba.org\/trabablog\/index.php?rest_route=%2Fwp%2Fv2%2Fcategories&post=9474"},{"taxonomy":"post_tag","embeddable":true,"href":"http:\/\/traba.org\/trabablog\/index.php?rest_route=%2Fwp%2Fv2%2Ftags&post=9474"}],"curies":[{"name":"wp","href":"https:\/\/api.w.org\/{rel}","templated":true}]}}