{"id":9525,"date":"2014-04-15T22:25:11","date_gmt":"2014-04-15T21:25:11","guid":{"rendered":"http:\/\/www.traba.org\/trabablog\/?p=9525"},"modified":"2014-04-15T22:36:29","modified_gmt":"2014-04-15T21:36:29","slug":"la-cova-des-coloms-es-mainstream","status":"publish","type":"post","link":"http:\/\/traba.org\/trabablog\/?p=9525","title":{"rendered":"la cova des coloms \u00e9s mainstream"},"content":{"rendered":"<p>bueno, aix\u00f2 d\u2019anar amb nens, les fotos s\u00f3n m\u00e9s escasses\u2026 el mat\u00ed l\u2019hem passat comprant al mercat de ma\u00f3 i al mercadona, per\u00f2 ara ja ho tenim tot comprat\u2026 no s\u00e9 si ens durar\u00e0 els 10 dies, per\u00f2 hem comprat bastant.<\/p>\n<p>i despr\u00e9s de la no migdiada de la lola, hem anat a es migjorn per fer l\u2019excursi\u00f3 de la cova des coloms fins al xiringuito de binigausx, per\u00f2 nom\u00e9s d\u2019anada. s\u00f3n uns 4 kil\u00f2metres.<\/p>\n<p><img loading=\"lazy\" decoding=\"async\" alt=\"IMG_4028\" src=\"http:\/\/www.traba.org\/trabablog\/wp-content\/uploads\/2014\/04\/IMG_4028.jpg\" width=\"800\" height=\"533\" \/><\/p>\n<p>una petita performance de la can\u00e7\u00f3 de l\u2019elefant que anava en bicicleta pels estels.<\/p>\n<p><img loading=\"lazy\" decoding=\"async\" alt=\"G0070186\" src=\"http:\/\/www.traba.org\/trabablog\/wp-content\/uploads\/2014\/04\/G0070186.jpg\" width=\"800\" height=\"600\" \/><\/p>\n<p>el xavi perseguint a la lola amb la gopro.<\/p>\n<p><img loading=\"lazy\" decoding=\"async\" alt=\"IMG_4041\" src=\"http:\/\/www.traba.org\/trabablog\/wp-content\/uploads\/2014\/04\/IMG_4041.jpg\" width=\"800\" height=\"533\" \/><\/p>\n<p>tocant l\u2019objectiu.<\/p>\n<p><img loading=\"lazy\" decoding=\"async\" alt=\"IMG_4048\" src=\"http:\/\/www.traba.org\/trabablog\/wp-content\/uploads\/2014\/04\/IMG_4048.jpg\" width=\"800\" height=\"533\" \/><\/p>\n<p>all\u00e0.<\/p>\n<p><img loading=\"lazy\" decoding=\"async\" alt=\"IMG_4053\" src=\"http:\/\/www.traba.org\/trabablog\/wp-content\/uploads\/2014\/04\/IMG_4053.jpg\" width=\"800\" height=\"533\" \/><\/p>\n<p>aquesta \u00e9s la cara de foto de la lola.<\/p>\n<p><img loading=\"lazy\" decoding=\"async\" alt=\"IMG_4057\" src=\"http:\/\/www.traba.org\/trabablog\/wp-content\/uploads\/2014\/04\/IMG_4057.jpg\" width=\"800\" height=\"533\" \/><\/p>\n<p>intentant posar-se el gorro.<\/p>\n<p><img loading=\"lazy\" decoding=\"async\" alt=\"IMG_4062\" src=\"http:\/\/www.traba.org\/trabablog\/wp-content\/uploads\/2014\/04\/IMG_4062.jpg\" width=\"800\" height=\"533\" \/><\/p>\n<p>a punt d\u2019enfadar-se.<\/p>\n<p><img loading=\"lazy\" decoding=\"async\" alt=\"IMG_4068\" src=\"http:\/\/www.traba.org\/trabablog\/wp-content\/uploads\/2014\/04\/IMG_4068.jpg\" width=\"800\" height=\"533\" \/> <img loading=\"lazy\" decoding=\"async\" alt=\"IMG_4071\" src=\"http:\/\/www.traba.org\/trabablog\/wp-content\/uploads\/2014\/04\/IMG_4071.jpg\" width=\"800\" height=\"533\" \/><\/p>\n<p>seguim amb la gorra.<\/p>\n<p><img loading=\"lazy\" decoding=\"async\" alt=\"IMG_4072\" src=\"http:\/\/www.traba.org\/trabablog\/wp-content\/uploads\/2014\/04\/IMG_4072.jpg\" width=\"800\" height=\"533\" \/><\/p>\n<p>el cam\u00ed est\u00e0 tot marcat. ja no et pots perdre. \u00e9s mainstream.<\/p>\n<p><img loading=\"lazy\" decoding=\"async\" alt=\"IMG_4073\" src=\"http:\/\/www.traba.org\/trabablog\/wp-content\/uploads\/2014\/04\/IMG_4073.jpg\" width=\"800\" height=\"533\" \/><\/p>\n<p>hem caigut de cara a terra.<\/p>\n<p><img loading=\"lazy\" decoding=\"async\" alt=\"IMG_4113\" src=\"http:\/\/www.traba.org\/trabablog\/wp-content\/uploads\/2014\/04\/IMG_4113.jpg\" width=\"800\" height=\"533\" \/><\/p>\n<p>escarabat bum bum&#8230;<\/p>\n<p><img loading=\"lazy\" decoding=\"async\" alt=\"IMG_4149\" src=\"http:\/\/www.traba.org\/trabablog\/wp-content\/uploads\/2014\/04\/IMG_4149.jpg\" width=\"800\" height=\"533\" \/><\/p>\n<p>una flor per bufar.<\/p>\n<p><img loading=\"lazy\" decoding=\"async\" alt=\"IMG_4164\" src=\"http:\/\/www.traba.org\/trabablog\/wp-content\/uploads\/2014\/04\/IMG_4164.jpg\" width=\"800\" height=\"533\" \/><\/p>\n<p>cargol treu baaanya&#8230;<\/p>\n<p><img loading=\"lazy\" decoding=\"async\" alt=\"IMG_4168\" src=\"http:\/\/www.traba.org\/trabablog\/wp-content\/uploads\/2014\/04\/IMG_4168.jpg\" width=\"800\" height=\"533\" \/><\/p>\n<p>la posta de sol a binigaus.<\/p>\n<p><img loading=\"lazy\" decoding=\"async\" alt=\"IMG_4182\" src=\"http:\/\/www.traba.org\/trabablog\/wp-content\/uploads\/2014\/04\/IMG_4182.jpg\" width=\"800\" height=\"533\" \/><\/p>\n","protected":false},"excerpt":{"rendered":"<p>bueno, aix\u00f2 d\u2019anar amb nens, les fotos s\u00f3n m\u00e9s escasses\u2026 el mat\u00ed l\u2019hem passat comprant al mercat de ma\u00f3 i al mercadona, per\u00f2 ara ja ho tenim tot comprat\u2026 no&#8230;<\/p>\n","protected":false},"author":5,"featured_media":9511,"comment_status":"open","ping_status":"closed","sticky":false,"template":"","format":"standard","meta":{"_monsterinsights_skip_tracking":false,"_monsterinsights_sitenote_active":false,"_monsterinsights_sitenote_note":"","_monsterinsights_sitenote_category":0,"footnotes":""},"categories":[107],"tags":[51,85,100,41,39,42,68],"class_list":["post-9525","post","type-post","status-publish","format-standard","has-post-thumbnail","hentry","category-menorca-2014","tag-excusio","tag-flors","tag-lola","tag-mar","tag-menorca","tag-platja","tag-wikiloc"],"_links":{"self":[{"href":"http:\/\/traba.org\/trabablog\/index.php?rest_route=\/wp\/v2\/posts\/9525","targetHints":{"allow":["GET"]}}],"collection":[{"href":"http:\/\/traba.org\/trabablog\/index.php?rest_route=\/wp\/v2\/posts"}],"about":[{"href":"http:\/\/traba.org\/trabablog\/index.php?rest_route=\/wp\/v2\/types\/post"}],"author":[{"embeddable":true,"href":"http:\/\/traba.org\/trabablog\/index.php?rest_route=\/wp\/v2\/users\/5"}],"replies":[{"embeddable":true,"href":"http:\/\/traba.org\/trabablog\/index.php?rest_route=%2Fwp%2Fv2%2Fcomments&post=9525"}],"version-history":[{"count":2,"href":"http:\/\/traba.org\/trabablog\/index.php?rest_route=\/wp\/v2\/posts\/9525\/revisions"}],"predecessor-version":[{"id":9527,"href":"http:\/\/traba.org\/trabablog\/index.php?rest_route=\/wp\/v2\/posts\/9525\/revisions\/9527"}],"wp:featuredmedia":[{"embeddable":true,"href":"http:\/\/traba.org\/trabablog\/index.php?rest_route=\/wp\/v2\/media\/9511"}],"wp:attachment":[{"href":"http:\/\/traba.org\/trabablog\/index.php?rest_route=%2Fwp%2Fv2%2Fmedia&parent=9525"}],"wp:term":[{"taxonomy":"category","embeddable":true,"href":"http:\/\/traba.org\/trabablog\/index.php?rest_route=%2Fwp%2Fv2%2Fcategories&post=9525"},{"taxonomy":"post_tag","embeddable":true,"href":"http:\/\/traba.org\/trabablog\/index.php?rest_route=%2Fwp%2Fv2%2Ftags&post=9525"}],"curies":[{"name":"wp","href":"https:\/\/api.w.org\/{rel}","templated":true}]}}