{"id":9665,"date":"2014-04-22T22:29:11","date_gmt":"2014-04-22T21:29:11","guid":{"rendered":"http:\/\/www.traba.org\/trabablog\/?p=9665"},"modified":"2014-04-22T22:55:43","modified_gmt":"2014-04-22T21:55:43","slug":"aix-ja-sha-acabat","status":"publish","type":"post","link":"http:\/\/traba.org\/trabablog\/?p=9665","title":{"rendered":"aix&#8230; ja s&#8217;ha acabat"},"content":{"rendered":"<p>fotos atrassades d\u2019ahir. amb la xandy a la piscina. us hav\u00edem dit que era climatitzada?<\/p>\n<p><img loading=\"lazy\" decoding=\"async\" alt=\"IMG_20140421_155505\" src=\"http:\/\/www.traba.org\/trabablog\/wp-content\/uploads\/2014\/04\/IMG_20140421_155505.jpg\" width=\"800\" height=\"599\" \/><\/p>\n<p>avui ens hem dividit. quan hem marxat de la cas feia molt de vent, per\u00f2 un cop hem arribat a macarella, no n\u2019hi havia tant. aqu\u00ed era al lloc del vigilante de la playa.<\/p>\n<p><img loading=\"lazy\" decoding=\"async\" alt=\"IMG_4456\" src=\"http:\/\/www.traba.org\/trabablog\/wp-content\/uploads\/2014\/04\/IMG_4456.jpg\" width=\"800\" height=\"533\" \/><\/p>\n<p>mentrestant, a ciutadella&#8230;<\/p>\n<p><img loading=\"lazy\" decoding=\"async\" alt=\"DSC_0931\" src=\"http:\/\/www.traba.org\/trabablog\/wp-content\/uploads\/2014\/04\/DSC_0931.jpg\" width=\"800\" height=\"529\" \/><\/p>\n<p>i nosaltres hem anat a macarelleta.<\/p>\n<p><img loading=\"lazy\" decoding=\"async\" alt=\"IMG_4480\" src=\"http:\/\/www.traba.org\/trabablog\/wp-content\/uploads\/2014\/04\/IMG_4480.jpg\" width=\"800\" height=\"533\" \/><\/p>\n<p>el xavi s\u2019hi ha banyat i tot.<\/p>\n<p><img loading=\"lazy\" decoding=\"async\" alt=\"PANO_20140422_123313\" src=\"http:\/\/www.traba.org\/trabablog\/wp-content\/uploads\/2014\/04\/PANO_20140422_123313.jpg\" width=\"800\" height=\"464\" \/><\/p>\n<p>espectacular. es veu que \u00e9s una platja que mai t\u00e9 algues! ah, i ens hem enterat que les algues de les platges nom\u00e9s les treuen al principi de l\u2019estiu, un cop a l\u2019any i aix\u00f2 dura tota la temporada.<\/p>\n<p><img loading=\"lazy\" decoding=\"async\" alt=\"PANO_20140422_124240\" src=\"http:\/\/www.traba.org\/trabablog\/wp-content\/uploads\/2014\/04\/PANO_20140422_124240.jpg\" width=\"800\" height=\"393\" \/><\/p>\n<p>dinant a ciutadella.<\/p>\n<p><img loading=\"lazy\" decoding=\"async\" alt=\"DSC_0972\" src=\"http:\/\/www.traba.org\/trabablog\/wp-content\/uploads\/2014\/04\/DSC_0972.jpg\" width=\"800\" height=\"529\" \/><\/p>\n<p>i nosaltres a casa a la piscina. s\u2019ha d\u2019aprofitar!<\/p>\n<p><img loading=\"lazy\" decoding=\"async\" alt=\"_MG_9666\" src=\"http:\/\/www.traba.org\/trabablog\/wp-content\/uploads\/2014\/04\/MG_9666.jpg\" width=\"800\" height=\"533\" \/> <img loading=\"lazy\" decoding=\"async\" alt=\"_MG_9683\" src=\"http:\/\/www.traba.org\/trabablog\/wp-content\/uploads\/2014\/04\/MG_9683.jpg\" width=\"800\" height=\"533\" \/> <img loading=\"lazy\" decoding=\"async\" alt=\"_MG_9689\" src=\"http:\/\/www.traba.org\/trabablog\/wp-content\/uploads\/2014\/04\/MG_9689.jpg\" width=\"800\" height=\"533\" \/> <img loading=\"lazy\" decoding=\"async\" alt=\"_MG_9698\" src=\"http:\/\/www.traba.org\/trabablog\/wp-content\/uploads\/2014\/04\/MG_9698.jpg\" width=\"800\" height=\"533\" \/><\/p>\n<p>aqu\u00ed ja han arribat.<\/p>\n<p><img loading=\"lazy\" decoding=\"async\" alt=\"_MG_9704\" src=\"http:\/\/www.traba.org\/trabablog\/wp-content\/uploads\/2014\/04\/MG_9704.jpg\" width=\"800\" height=\"533\" \/> <img loading=\"lazy\" decoding=\"async\" alt=\"_MG_9708\" src=\"http:\/\/www.traba.org\/trabablog\/wp-content\/uploads\/2014\/04\/MG_9708.jpg\" width=\"800\" height=\"1200\" \/><\/p>\n<p>com una moto.<\/p>\n<p><img loading=\"lazy\" decoding=\"async\" alt=\"_MG_9723\" src=\"http:\/\/www.traba.org\/trabablog\/wp-content\/uploads\/2014\/04\/MG_9723.jpg\" width=\"800\" height=\"533\" \/><\/p>\n<p>la casa. l\u2019hem trobat bastant barata per lo qu\u00e8 \u00e9s. creiem que no tornar\u00e0 a estar a aquest preu mai mes. no amb la climatitzaci\u00f3 de la piscina.<\/p>\n<p><img loading=\"lazy\" decoding=\"async\" alt=\"PANO_20140422_183053\" src=\"http:\/\/www.traba.org\/trabablog\/wp-content\/uploads\/2014\/04\/PANO_20140422_183053.jpg\" width=\"800\" height=\"268\" \/><\/p>\n<p>i a l\u2019atardecer, ens ha donat per fer moltes fotos.<\/p>\n<p><img loading=\"lazy\" decoding=\"async\" alt=\"_MG_9750\" src=\"http:\/\/www.traba.org\/trabablog\/wp-content\/uploads\/2014\/04\/MG_9750.jpg\" width=\"800\" height=\"1200\" \/> <img loading=\"lazy\" decoding=\"async\" alt=\"_MG_9758\" src=\"http:\/\/www.traba.org\/trabablog\/wp-content\/uploads\/2014\/04\/MG_9758.jpg\" width=\"800\" height=\"1200\" \/><\/p>\n<p>i hem recollit ro-ma-<\/p>\n<p><img loading=\"lazy\" decoding=\"async\" alt=\"DSC_0983\" src=\"http:\/\/www.traba.org\/trabablog\/wp-content\/uploads\/2014\/04\/DSC_0983.jpg\" width=\"800\" height=\"529\" \/><\/p>\n<p>n\u00ed\u00ed\u00ed\u00ed\u00ed!<\/p>\n<p><img loading=\"lazy\" decoding=\"async\" alt=\"DSC_0992\" src=\"http:\/\/www.traba.org\/trabablog\/wp-content\/uploads\/2014\/04\/DSC_0992.jpg\" width=\"800\" height=\"529\" \/><\/p>\n<p>family photo.<\/p>\n<p><img loading=\"lazy\" decoding=\"async\" alt=\"DSC_0020\" src=\"http:\/\/www.traba.org\/trabablog\/wp-content\/uploads\/2014\/04\/DSC_0020.jpg\" width=\"800\" height=\"529\" \/><\/p>\n<p>la confian\u00e7a en els pares.<\/p>\n<p><img loading=\"lazy\" decoding=\"async\" alt=\"DSC_0040\" src=\"http:\/\/www.traba.org\/trabablog\/wp-content\/uploads\/2014\/04\/DSC_0040.jpg\" width=\"800\" height=\"529\" \/> <img loading=\"lazy\" decoding=\"async\" alt=\"DSC_0043\" src=\"http:\/\/www.traba.org\/trabablog\/wp-content\/uploads\/2014\/04\/DSC_0043.jpg\" width=\"800\" height=\"529\" \/> <img loading=\"lazy\" decoding=\"async\" alt=\"DSC_0049\" src=\"http:\/\/www.traba.org\/trabablog\/wp-content\/uploads\/2014\/04\/DSC_0049.jpg\" width=\"800\" height=\"529\" \/><\/p>\n","protected":false},"excerpt":{"rendered":"<p>fotos atrassades d\u2019ahir. amb la xandy a la piscina. us hav\u00edem dit que era climatitzada? avui ens hem dividit. quan hem marxat de la cas feia molt de vent, per\u00f2&#8230;<\/p>\n","protected":false},"author":5,"featured_media":9644,"comment_status":"open","ping_status":"closed","sticky":false,"template":"","format":"standard","meta":{"_monsterinsights_skip_tracking":false,"_monsterinsights_sitenote_active":false,"_monsterinsights_sitenote_note":"","_monsterinsights_sitenote_category":0,"footnotes":""},"categories":[107],"tags":[39,42],"class_list":["post-9665","post","type-post","status-publish","format-standard","has-post-thumbnail","hentry","category-menorca-2014","tag-menorca","tag-platja"],"_links":{"self":[{"href":"http:\/\/traba.org\/trabablog\/index.php?rest_route=\/wp\/v2\/posts\/9665","targetHints":{"allow":["GET"]}}],"collection":[{"href":"http:\/\/traba.org\/trabablog\/index.php?rest_route=\/wp\/v2\/posts"}],"about":[{"href":"http:\/\/traba.org\/trabablog\/index.php?rest_route=\/wp\/v2\/types\/post"}],"author":[{"embeddable":true,"href":"http:\/\/traba.org\/trabablog\/index.php?rest_route=\/wp\/v2\/users\/5"}],"replies":[{"embeddable":true,"href":"http:\/\/traba.org\/trabablog\/index.php?rest_route=%2Fwp%2Fv2%2Fcomments&post=9665"}],"version-history":[{"count":2,"href":"http:\/\/traba.org\/trabablog\/index.php?rest_route=\/wp\/v2\/posts\/9665\/revisions"}],"predecessor-version":[{"id":9670,"href":"http:\/\/traba.org\/trabablog\/index.php?rest_route=\/wp\/v2\/posts\/9665\/revisions\/9670"}],"wp:featuredmedia":[{"embeddable":true,"href":"http:\/\/traba.org\/trabablog\/index.php?rest_route=\/wp\/v2\/media\/9644"}],"wp:attachment":[{"href":"http:\/\/traba.org\/trabablog\/index.php?rest_route=%2Fwp%2Fv2%2Fmedia&parent=9665"}],"wp:term":[{"taxonomy":"category","embeddable":true,"href":"http:\/\/traba.org\/trabablog\/index.php?rest_route=%2Fwp%2Fv2%2Fcategories&post=9665"},{"taxonomy":"post_tag","embeddable":true,"href":"http:\/\/traba.org\/trabablog\/index.php?rest_route=%2Fwp%2Fv2%2Ftags&post=9665"}],"curies":[{"name":"wp","href":"https:\/\/api.w.org\/{rel}","templated":true}]}}