{"id":9702,"date":"2014-05-24T10:23:58","date_gmt":"2014-05-24T09:23:58","guid":{"rendered":"http:\/\/www.traba.org\/trabablog\/?p=9702"},"modified":"2014-05-24T10:31:42","modified_gmt":"2014-05-24T09:31:42","slug":"de-menorca-a-riudecanyes-en-un-post","status":"publish","type":"post","link":"http:\/\/traba.org\/trabablog\/?p=9702","title":{"rendered":"de menorca a riudecanyes en un post"},"content":{"rendered":"<p>alguna foto que em quedava a la rec\u00e1mara d\u2019abans d\u2019anar a menorca. \u00e9s de la caserna del delta del llobregat que vam anar d\u2019excursi\u00f3 el dia abans de marxar a menorca. \u00e9s una excursi\u00f3 molt plana. per\u00f2 tot i que sembla que hagis de poder anar a la platja, no pots perqu\u00e8 est\u00e0 tancada i ballada. em va semblar estrany. ah, i tanquen a les 19:00 aproximadament, segons l\u2019\u00e8poca de l\u2019any. per\u00f2 bueno, est\u00e0 b\u00e9 per anar amb la lola.<\/p>\n<p><img loading=\"lazy\" decoding=\"async\" src=\"http:\/\/www.traba.org\/trabablog\/wp-content\/uploads\/2014\/05\/DSCF2533.jpg\" alt=\"DSCF2533\" width=\"800\" height=\"531\" \/> <img loading=\"lazy\" decoding=\"async\" src=\"http:\/\/www.traba.org\/trabablog\/wp-content\/uploads\/2014\/05\/DSCF2540.jpg\" alt=\"DSCF2540\" width=\"800\" height=\"531\" \/><\/p>\n<p>ai\u00f3 menorcaaa!<\/p>\n<p><img loading=\"lazy\" decoding=\"async\" src=\"http:\/\/www.traba.org\/trabablog\/wp-content\/uploads\/2014\/05\/IMG_20140423_111258.jpg\" alt=\"IMG_20140423_111258\" width=\"800\" height=\"600\" \/><\/p>\n<p>el buque levante de tornada de menorca\u2026 trist com una mala cosa.<\/p>\n<p><img loading=\"lazy\" decoding=\"async\" src=\"http:\/\/www.traba.org\/trabablog\/wp-content\/uploads\/2014\/05\/IMG_4754.jpg\" alt=\"IMG_4754\" width=\"800\" height=\"1066\" \/><\/p>\n<p>de finde a sitges.<\/p>\n<p><img loading=\"lazy\" decoding=\"async\" src=\"http:\/\/www.traba.org\/trabablog\/wp-content\/uploads\/2014\/05\/DSCF2550.jpg\" alt=\"DSCF2550\" width=\"800\" height=\"531\" \/><\/p>\n<p>vam tenir visitantes \ud83d\ude42<\/p>\n<p><img loading=\"lazy\" decoding=\"async\" src=\"http:\/\/www.traba.org\/trabablog\/wp-content\/uploads\/2014\/05\/DSCF2568.jpg\" alt=\"DSCF2568\" width=\"800\" height=\"531\" \/><\/p>\n<p>el juanjo amb la seva vida interior&#8230;<\/p>\n<p><img loading=\"lazy\" decoding=\"async\" src=\"http:\/\/www.traba.org\/trabablog\/wp-content\/uploads\/2014\/05\/DSCF2582.jpg\" alt=\"DSCF2582\" width=\"800\" height=\"531\" \/><\/p>\n<p>la paula&#8230;<\/p>\n<p><img loading=\"lazy\" decoding=\"async\" src=\"http:\/\/www.traba.org\/trabablog\/wp-content\/uploads\/2014\/05\/DSCF2610.jpg\" alt=\"DSCF2610\" width=\"800\" height=\"1204\" \/><\/p>\n<p>i la joana.<\/p>\n<p><img loading=\"lazy\" decoding=\"async\" src=\"http:\/\/www.traba.org\/trabablog\/wp-content\/uploads\/2014\/05\/DSCF2617.jpg\" alt=\"DSCF2617\" width=\"800\" height=\"530\" \/><\/p>\n<p>i al dia seg\u00fcent a remullar els peus a la platja.<\/p>\n<p><img loading=\"lazy\" decoding=\"async\" src=\"http:\/\/www.traba.org\/trabablog\/wp-content\/uploads\/2014\/05\/DSCF2642.jpg\" alt=\"DSCF2642\" width=\"800\" height=\"531\" \/> <img loading=\"lazy\" decoding=\"async\" src=\"http:\/\/www.traba.org\/trabablog\/wp-content\/uploads\/2014\/05\/DSCF2645.jpg\" alt=\"DSCF2645\" width=\"800\" height=\"531\" \/><\/p>\n<p>a montju\u00efc.<\/p>\n<p><img loading=\"lazy\" decoding=\"async\" src=\"http:\/\/www.traba.org\/trabablog\/wp-content\/uploads\/2014\/05\/DSCF2652.jpg\" alt=\"DSCF2652\" width=\"800\" height=\"531\" \/><\/p>\n<p>fent m\u00fasica.<\/p>\n<p><img loading=\"lazy\" decoding=\"async\" src=\"http:\/\/www.traba.org\/trabablog\/wp-content\/uploads\/2014\/05\/DSCF2660.jpg\" alt=\"DSCF2660\" width=\"800\" height=\"531\" \/><\/p>\n<p>explorant.<\/p>\n<p><img loading=\"lazy\" decoding=\"async\" src=\"http:\/\/www.traba.org\/trabablog\/wp-content\/uploads\/2014\/05\/DSCF2669.jpg\" alt=\"DSCF2669\" width=\"800\" height=\"531\" \/><\/p>\n<p>i el cumple del papa que es pensava que en feia 38 \ud83d\ude1b<\/p>\n<p><img loading=\"lazy\" decoding=\"async\" src=\"http:\/\/www.traba.org\/trabablog\/wp-content\/uploads\/2014\/05\/DSCF2689.jpg\" alt=\"DSCF2689\" width=\"800\" height=\"531\" \/><\/p>\n<p>jugant amb l\u2019aigua\u2026 sort que ja comen\u00e7a a fer caloreta.<\/p>\n<p><img loading=\"lazy\" decoding=\"async\" src=\"http:\/\/www.traba.org\/trabablog\/wp-content\/uploads\/2014\/05\/IMG_4788.jpg\" alt=\"IMG_4788\" width=\"800\" height=\"600\" \/><\/p>\n<p>i a sopar a la ver\u00f2nica, de juergaaaaa!<\/p>\n<p><img loading=\"lazy\" decoding=\"async\" src=\"http:\/\/www.traba.org\/trabablog\/wp-content\/uploads\/2014\/05\/IMG_20140510_194741.jpg\" alt=\"IMG_20140510_194741\" width=\"800\" height=\"600\" \/> <img loading=\"lazy\" decoding=\"async\" src=\"http:\/\/www.traba.org\/trabablog\/wp-content\/uploads\/2014\/05\/IMG_20140510_200838.jpg\" alt=\"IMG_20140510_200838\" width=\"800\" height=\"600\" \/><\/p>\n<p>i a montju\u00efc un altre cop. ens agrada anar-hi sobretot els dissabtes o diumenges al mat\u00ed, que no hi ha molta gent i tenim la tirulina per nosaltres solets!!! \ud83d\ude1b<\/p>\n<p><img loading=\"lazy\" decoding=\"async\" src=\"http:\/\/www.traba.org\/trabablog\/wp-content\/uploads\/2014\/05\/IMG_4822.jpg\" alt=\"IMG_4822\" width=\"800\" height=\"600\" \/><\/p>\n<p>i de visita a riudecanyes amb la laura.<\/p>\n<p><img loading=\"lazy\" decoding=\"async\" src=\"http:\/\/www.traba.org\/trabablog\/wp-content\/uploads\/2014\/05\/DSCF6315.jpg\" alt=\"DSCF6315\" width=\"800\" height=\"600\" \/><\/p>\n<p>al pant\u00e0.<\/p>\n<p><img loading=\"lazy\" decoding=\"async\" src=\"http:\/\/www.traba.org\/trabablog\/wp-content\/uploads\/2014\/05\/DSCF6397.jpg\" alt=\"DSCF6397\" width=\"800\" height=\"1066\" \/> <img loading=\"lazy\" decoding=\"async\" src=\"http:\/\/www.traba.org\/trabablog\/wp-content\/uploads\/2014\/05\/DSCF6403.jpg\" alt=\"DSCF6403\" width=\"800\" height=\"1066\" \/><\/p>\n<p>diumenge de despedida\u2026 la laureta estirant l\u2019orella de la lola!<\/p>\n<p><img loading=\"lazy\" decoding=\"async\" src=\"http:\/\/www.traba.org\/trabablog\/wp-content\/uploads\/2014\/05\/DSCF6419.jpg\" alt=\"DSCF6419\" width=\"800\" height=\"1066\" \/><\/p>\n<p>fent les paus.<\/p>\n<p><img loading=\"lazy\" decoding=\"async\" src=\"http:\/\/www.traba.org\/trabablog\/wp-content\/uploads\/2014\/05\/DSCF6422.jpg\" alt=\"DSCF6422\" width=\"800\" height=\"1066\" \/><\/p>\n<p>amb el xurro.<\/p>\n<p><img loading=\"lazy\" decoding=\"async\" src=\"http:\/\/www.traba.org\/trabablog\/wp-content\/uploads\/2014\/05\/DSCF6443.jpg\" alt=\"DSCF6443\" width=\"800\" height=\"1066\" \/><\/p>\n<p>al sorral.<\/p>\n<p><img loading=\"lazy\" decoding=\"async\" src=\"http:\/\/www.traba.org\/trabablog\/wp-content\/uploads\/2014\/05\/DSCF6488.jpg\" alt=\"DSCF6488\" width=\"800\" height=\"600\" \/><\/p>\n<p>el cuiner i la barbacoa.<\/p>\n<p><img loading=\"lazy\" decoding=\"async\" src=\"http:\/\/www.traba.org\/trabablog\/wp-content\/uploads\/2014\/05\/DSCF6508.jpg\" alt=\"DSCF6508\" width=\"800\" height=\"1066\" \/><\/p>\n<p>menjant.<\/p>\n<p><img loading=\"lazy\" decoding=\"async\" src=\"http:\/\/www.traba.org\/trabablog\/wp-content\/uploads\/2014\/05\/DSCF6531.jpg\" alt=\"DSCF6531\" width=\"800\" height=\"599\" \/><\/p>\n<p>el jard\u00ed de la casa argentera estava molt b\u00e9. la piscina estava climatitzada i la taula de dinar sota d\u2019un arbre.<\/p>\n<p><img loading=\"lazy\" decoding=\"async\" src=\"http:\/\/www.traba.org\/trabablog\/wp-content\/uploads\/2014\/05\/DSCF6550.jpg\" alt=\"DSCF6550\" width=\"800\" height=\"600\" \/><\/p>\n<p>i tamb\u00e9 hi havia un columpio.<\/p>\n<p><img loading=\"lazy\" decoding=\"async\" src=\"http:\/\/www.traba.org\/trabablog\/wp-content\/uploads\/2014\/05\/DSCF6602.jpg\" alt=\"DSCF6602\" width=\"800\" height=\"1066\" \/><\/p>\n","protected":false},"excerpt":{"rendered":"<p>alguna foto que em quedava a la rec\u00e1mara d\u2019abans d\u2019anar a menorca. \u00e9s de la caserna del delta del llobregat que vam anar d\u2019excursi\u00f3 el dia abans de marxar a&#8230;<\/p>\n","protected":false},"author":5,"featured_media":9676,"comment_status":"open","ping_status":"closed","sticky":false,"template":"","format":"standard","meta":{"_monsterinsights_skip_tracking":false,"_monsterinsights_sitenote_active":false,"_monsterinsights_sitenote_note":"","_monsterinsights_sitenote_category":0,"footnotes":""},"categories":[107,28],"tags":[62,100,41,39,109,42,89],"class_list":["post-9702","post","type-post","status-publish","format-standard","has-post-thumbnail","hentry","category-menorca-2014","category-ordinary-days","tag-barcelona","tag-lola","tag-mar","tag-menorca","tag-montjuic","tag-platja","tag-sitges"],"_links":{"self":[{"href":"http:\/\/traba.org\/trabablog\/index.php?rest_route=\/wp\/v2\/posts\/9702","targetHints":{"allow":["GET"]}}],"collection":[{"href":"http:\/\/traba.org\/trabablog\/index.php?rest_route=\/wp\/v2\/posts"}],"about":[{"href":"http:\/\/traba.org\/trabablog\/index.php?rest_route=\/wp\/v2\/types\/post"}],"author":[{"embeddable":true,"href":"http:\/\/traba.org\/trabablog\/index.php?rest_route=\/wp\/v2\/users\/5"}],"replies":[{"embeddable":true,"href":"http:\/\/traba.org\/trabablog\/index.php?rest_route=%2Fwp%2Fv2%2Fcomments&post=9702"}],"version-history":[{"count":2,"href":"http:\/\/traba.org\/trabablog\/index.php?rest_route=\/wp\/v2\/posts\/9702\/revisions"}],"predecessor-version":[{"id":9705,"href":"http:\/\/traba.org\/trabablog\/index.php?rest_route=\/wp\/v2\/posts\/9702\/revisions\/9705"}],"wp:featuredmedia":[{"embeddable":true,"href":"http:\/\/traba.org\/trabablog\/index.php?rest_route=\/wp\/v2\/media\/9676"}],"wp:attachment":[{"href":"http:\/\/traba.org\/trabablog\/index.php?rest_route=%2Fwp%2Fv2%2Fmedia&parent=9702"}],"wp:term":[{"taxonomy":"category","embeddable":true,"href":"http:\/\/traba.org\/trabablog\/index.php?rest_route=%2Fwp%2Fv2%2Fcategories&post=9702"},{"taxonomy":"post_tag","embeddable":true,"href":"http:\/\/traba.org\/trabablog\/index.php?rest_route=%2Fwp%2Fv2%2Ftags&post=9702"}],"curies":[{"name":"wp","href":"https:\/\/api.w.org\/{rel}","templated":true}]}}