{"id":9773,"date":"2014-06-23T21:29:56","date_gmt":"2014-06-23T20:29:56","guid":{"rendered":"http:\/\/www.traba.org\/trabablog\/?p=9773"},"modified":"2014-06-23T21:33:51","modified_gmt":"2014-06-23T20:33:51","slug":"per-sant-joan-no-hi-som","status":"publish","type":"post","link":"http:\/\/traba.org\/trabablog\/?p=9773","title":{"rendered":"per sant joan, no hi som"},"content":{"rendered":"<p>la lola al santa marta amb el mono nou de <a href=\"http:\/\/barcelona.salir.com\/tomate_banys_nous\" target=\"_blank\">tomate<\/a>.<\/p>\n<p><img loading=\"lazy\" decoding=\"async\" src=\"http:\/\/www.traba.org\/trabablog\/wp-content\/uploads\/2014\/06\/IMG_20140621_105331.jpg\" alt=\"IMG_20140621_105331\" width=\"800\" height=\"1066\" \/><\/p>\n<p>aquesta foto \u00e9s des del balc\u00f3 de la <a href=\"http:\/\/gamiokoborda.com\/wp\/?lang=es\" target=\"_blank\">casa<\/a>, que es veu el poble de ziga.<\/p>\n<p><img loading=\"lazy\" decoding=\"async\" src=\"http:\/\/www.traba.org\/trabablog\/wp-content\/uploads\/2014\/06\/IMG_4496.jpg\" alt=\"IMG_4496\" width=\"800\" height=\"533\" \/><\/p>\n<p>les set cabretes i el llop.<\/p>\n<p><img loading=\"lazy\" decoding=\"async\" src=\"http:\/\/www.traba.org\/trabablog\/wp-content\/uploads\/2014\/06\/IMG_4506.jpg\" alt=\"IMG_4506\" width=\"800\" height=\"533\" \/><\/p>\n<p>la terrassa.<\/p>\n<p><img loading=\"lazy\" decoding=\"async\" src=\"http:\/\/www.traba.org\/trabablog\/wp-content\/uploads\/2014\/06\/IMG_4516.jpg\" alt=\"IMG_4516\" width=\"800\" height=\"533\" \/><\/p>\n<p>l\u2019hamaca-columpio.<\/p>\n<p><img loading=\"lazy\" decoding=\"async\" src=\"http:\/\/www.traba.org\/trabablog\/wp-content\/uploads\/2014\/06\/IMG_4536.jpg\" alt=\"IMG_4536\" width=\"800\" height=\"533\" \/> <img loading=\"lazy\" decoding=\"async\" src=\"http:\/\/www.traba.org\/trabablog\/wp-content\/uploads\/2014\/06\/IMG_4550.jpg\" alt=\"IMG_4550\" width=\"800\" height=\"533\" \/><\/p>\n<p>amb tobogan i tot.<\/p>\n<p><img loading=\"lazy\" decoding=\"async\" src=\"http:\/\/www.traba.org\/trabablog\/wp-content\/uploads\/2014\/06\/IMG_4569.jpg\" alt=\"IMG_4569\" width=\"800\" height=\"533\" \/> <img loading=\"lazy\" decoding=\"async\" src=\"http:\/\/www.traba.org\/trabablog\/wp-content\/uploads\/2014\/06\/IMG_4571.jpg\" alt=\"IMG_4571\" width=\"800\" height=\"533\" \/><\/p>\n<p>avui hem intentat anar a la <a href=\"http:\/\/www.turismo.navarra.es\/esp\/organice-viaje\/recurso\/Actividadesdeportivas\/4063\/Sendero-cascada-de-Xorroxin.htm\" target=\"_blank\">cascada de xorroxin<\/a>, per\u00f2 no ho hem aconseguit. tenia massa informaci\u00f3. la cosa \u00e9s que s\u2019havia de creuar el riu, per\u00f2 hi havia una ruta alternativa, que no hem trobat perqu\u00e8 no estava al wikiloc. aix\u00ed que ja tenim plan per una altre dia. agafar el cam\u00ed de la dreta i <a href=\"http:\/\/turiscapadas.blogspot.com.es\/2013\/03\/la-cascada-de-xorroxin.html\" target=\"_blank\">no el de l\u2019esquerra com deien alguns blocs<\/a>.<\/p>\n<p><img loading=\"lazy\" decoding=\"async\" src=\"http:\/\/www.traba.org\/trabablog\/wp-content\/uploads\/2014\/06\/IMG_4579.jpg\" alt=\"IMG_4579\" width=\"800\" height=\"533\" \/><\/p>\n<p>d\u2019anada&#8230;<\/p>\n<p><img loading=\"lazy\" decoding=\"async\" src=\"http:\/\/www.traba.org\/trabablog\/wp-content\/uploads\/2014\/06\/IMG_4584.jpg\" alt=\"IMG_4584\" width=\"800\" height=\"533\" \/> <img loading=\"lazy\" decoding=\"async\" src=\"http:\/\/www.traba.org\/trabablog\/wp-content\/uploads\/2014\/06\/IMG_4600.jpg\" alt=\"IMG_4600\" width=\"800\" height=\"533\" \/> <img loading=\"lazy\" decoding=\"async\" src=\"http:\/\/www.traba.org\/trabablog\/wp-content\/uploads\/2014\/06\/IMG_4602.jpg\" alt=\"IMG_4602\" width=\"800\" height=\"533\" \/><\/p>\n<p>de tornada&#8230;<\/p>\n<p><img loading=\"lazy\" decoding=\"async\" src=\"http:\/\/www.traba.org\/trabablog\/wp-content\/uploads\/2014\/06\/IMG_4606.jpg\" alt=\"IMG_4606\" width=\"800\" height=\"533\" \/><\/p>\n<p>descansant.<\/p>\n<p><img loading=\"lazy\" decoding=\"async\" src=\"http:\/\/www.traba.org\/trabablog\/wp-content\/uploads\/2014\/06\/IMG_4613.jpg\" alt=\"IMG_4613\" width=\"800\" height=\"533\" \/> <img loading=\"lazy\" decoding=\"async\" src=\"http:\/\/www.traba.org\/trabablog\/wp-content\/uploads\/2014\/06\/IMG_4626.jpg\" alt=\"IMG_4626\" width=\"800\" height=\"533\" \/> <img loading=\"lazy\" decoding=\"async\" src=\"http:\/\/www.traba.org\/trabablog\/wp-content\/uploads\/2014\/06\/IMG_4634.jpg\" alt=\"IMG_4634\" width=\"800\" height=\"533\" \/><\/p>\n","protected":false},"excerpt":{"rendered":"<p>la lola al santa marta amb el mono nou de tomate. aquesta foto \u00e9s des del balc\u00f3 de la casa, que es veu el poble de ziga. les set cabretes&#8230;<\/p>\n","protected":false},"author":5,"featured_media":9759,"comment_status":"open","ping_status":"closed","sticky":false,"template":"","format":"standard","meta":{"_monsterinsights_skip_tracking":false,"_monsterinsights_sitenote_active":false,"_monsterinsights_sitenote_note":"","_monsterinsights_sitenote_category":0,"footnotes":""},"categories":[28,111,4],"tags":[51,100,67,68],"class_list":["post-9773","post","type-post","status-publish","format-standard","has-post-thumbnail","hentry","category-ordinary-days","category-pirineu-2014","category-vacances","tag-excusio","tag-lola","tag-pirineu","tag-wikiloc"],"_links":{"self":[{"href":"http:\/\/traba.org\/trabablog\/index.php?rest_route=\/wp\/v2\/posts\/9773","targetHints":{"allow":["GET"]}}],"collection":[{"href":"http:\/\/traba.org\/trabablog\/index.php?rest_route=\/wp\/v2\/posts"}],"about":[{"href":"http:\/\/traba.org\/trabablog\/index.php?rest_route=\/wp\/v2\/types\/post"}],"author":[{"embeddable":true,"href":"http:\/\/traba.org\/trabablog\/index.php?rest_route=\/wp\/v2\/users\/5"}],"replies":[{"embeddable":true,"href":"http:\/\/traba.org\/trabablog\/index.php?rest_route=%2Fwp%2Fv2%2Fcomments&post=9773"}],"version-history":[{"count":2,"href":"http:\/\/traba.org\/trabablog\/index.php?rest_route=\/wp\/v2\/posts\/9773\/revisions"}],"predecessor-version":[{"id":9776,"href":"http:\/\/traba.org\/trabablog\/index.php?rest_route=\/wp\/v2\/posts\/9773\/revisions\/9776"}],"wp:featuredmedia":[{"embeddable":true,"href":"http:\/\/traba.org\/trabablog\/index.php?rest_route=\/wp\/v2\/media\/9759"}],"wp:attachment":[{"href":"http:\/\/traba.org\/trabablog\/index.php?rest_route=%2Fwp%2Fv2%2Fmedia&parent=9773"}],"wp:term":[{"taxonomy":"category","embeddable":true,"href":"http:\/\/traba.org\/trabablog\/index.php?rest_route=%2Fwp%2Fv2%2Fcategories&post=9773"},{"taxonomy":"post_tag","embeddable":true,"href":"http:\/\/traba.org\/trabablog\/index.php?rest_route=%2Fwp%2Fv2%2Ftags&post=9773"}],"curies":[{"name":"wp","href":"https:\/\/api.w.org\/{rel}","templated":true}]}}