{"id":9804,"date":"2014-06-25T21:47:50","date_gmt":"2014-06-25T20:47:50","guid":{"rendered":"http:\/\/www.traba.org\/trabablog\/?p=9804"},"modified":"2014-06-25T21:51:40","modified_gmt":"2014-06-25T20:51:40","slug":"la-cascada-de-xorroxin-gorostapolo-baztan","status":"publish","type":"post","link":"http:\/\/traba.org\/trabablog\/?p=9804","title":{"rendered":"la cascada de xorroxin, gorostapolo, bazt\u00e1n"},"content":{"rendered":"<p>a que no sabeu qu\u00e8 hi ha a navarra?<\/p>\n<p><iframe loading=\"lazy\" src=\"\/\/www.youtube.com\/embed\/9C7_JtInIhM\" width=\"640\" height=\"360\" frameborder=\"0\"><\/iframe><\/p>\n<p>encara no hav\u00edem posat foto del nostre cotxe nou, la touran. semblava que an\u00e9s a ploure, per\u00f2 hem acabat l\u2019excursi\u00f3 amb sol.<\/p>\n<p><img loading=\"lazy\" decoding=\"async\" src=\"http:\/\/www.traba.org\/trabablog\/wp-content\/uploads\/2014\/06\/IMG_4710.jpg\" alt=\"IMG_4710\" width=\"800\" height=\"533\" \/><\/p>\n<p>avui hem tornat a gorostapolo, a veure si aconsegu\u00edem veure la <a href=\"http:\/\/www.misescapadaspornavarra.com\/16-gorostapolo-cascada-xorroxin.html\" target=\"_blank\">cascada de xorroxin<\/a>, que l\u2019altre dia no vam aconseguir veure-la. el primer entrebanc, saltar un arbre que havia caigut al mig del cam\u00ed no feia molt.<\/p>\n<p><img loading=\"lazy\" decoding=\"async\" src=\"http:\/\/www.traba.org\/trabablog\/wp-content\/uploads\/2014\/06\/IMG_4716.jpg\" alt=\"IMG_4716\" width=\"800\" height=\"533\" \/><\/p>\n<p>el cam\u00ed anava seguint el riu.<\/p>\n<p><img loading=\"lazy\" decoding=\"async\" src=\"http:\/\/www.traba.org\/trabablog\/wp-content\/uploads\/2014\/06\/IMG_4720.jpg\" alt=\"IMG_4720\" width=\"800\" height=\"533\" \/><\/p>\n<p>a la lola a la meitat se li ha obert la gana.<\/p>\n<p><img loading=\"lazy\" decoding=\"async\" src=\"http:\/\/www.traba.org\/trabablog\/wp-content\/uploads\/2014\/06\/IMG_4721.jpg\" alt=\"IMG_4721\" width=\"800\" height=\"533\" \/><\/p>\n<p>i en comptes de fer invents de camins cap a l\u2019esquerra, hem tirat el qu\u00e8 deien els cartells i ens hem topat amb aquest riu.<\/p>\n<p><img loading=\"lazy\" decoding=\"async\" src=\"http:\/\/www.traba.org\/trabablog\/wp-content\/uploads\/2014\/06\/IMG_4726.jpg\" alt=\"IMG_4726\" width=\"800\" height=\"533\" \/><\/p>\n<p>pero, hem decidit que el riu no ens guanyava, i l\u2019hem atravessat.<\/p>\n<p><img loading=\"lazy\" decoding=\"async\" src=\"http:\/\/www.traba.org\/trabablog\/wp-content\/uploads\/2014\/06\/IMG_20140625_175744.jpg\" alt=\"IMG_20140625_175744\" width=\"800\" height=\"600\" \/><\/p>\n<p>i hem vist la cascada de xorroxin!!!<\/p>\n<p><img loading=\"lazy\" decoding=\"async\" src=\"http:\/\/www.traba.org\/trabablog\/wp-content\/uploads\/2014\/06\/IMG_4728.jpg\" alt=\"IMG_4728\" width=\"800\" height=\"533\" \/><\/p>\n<p>mentrestant, la lola caient pels puestos. ja li diem que ha de baixar m\u00e9s de la motxilla, per\u00f2 s\u2019hi deu anar b\u00e9 all\u00e0 dalt.<\/p>\n<p><img loading=\"lazy\" decoding=\"async\" src=\"http:\/\/www.traba.org\/trabablog\/wp-content\/uploads\/2014\/06\/IMG_4738.jpg\" alt=\"IMG_4738\" width=\"800\" height=\"533\" \/><\/p>\n<p>practivant amb els pals de caminar.<\/p>\n<p><img loading=\"lazy\" decoding=\"async\" src=\"http:\/\/www.traba.org\/trabablog\/wp-content\/uploads\/2014\/06\/IMG_4743.jpg\" alt=\"IMG_4743\" width=\"800\" height=\"533\" \/><\/p>\n<p>el <a href=\"http:\/\/www.geocaching.com\/geocache\/GC328Y6_xorroxin?guid=1ce9b3c9-ae95-442a-96ca-e596245103c7\" target=\"_blank\">geocach\u00e9<\/a> no l\u2019hem trobat. aix\u00ed que haurem de tornar!<\/p>\n<p><img loading=\"lazy\" decoding=\"async\" src=\"http:\/\/www.traba.org\/trabablog\/wp-content\/uploads\/2014\/06\/IMG_4754.jpg\" alt=\"IMG_4754\" width=\"800\" height=\"533\" \/><\/p>\n<p>seguim amb els pals.<\/p>\n<p><img loading=\"lazy\" decoding=\"async\" src=\"http:\/\/www.traba.org\/trabablog\/wp-content\/uploads\/2014\/06\/IMG_4759.jpg\" alt=\"IMG_4759\" width=\"800\" height=\"533\" \/> <img loading=\"lazy\" decoding=\"async\" src=\"http:\/\/www.traba.org\/trabablog\/wp-content\/uploads\/2014\/06\/IMG_4763.jpg\" alt=\"IMG_4763\" width=\"800\" height=\"533\" \/> <img loading=\"lazy\" decoding=\"async\" src=\"http:\/\/www.traba.org\/trabablog\/wp-content\/uploads\/2014\/06\/IMG_4782.jpg\" alt=\"IMG_4782\" width=\"800\" height=\"533\" \/> <img loading=\"lazy\" decoding=\"async\" src=\"http:\/\/www.traba.org\/trabablog\/wp-content\/uploads\/2014\/06\/IMG_4793.jpg\" alt=\"IMG_4793\" width=\"800\" height=\"533\" \/><\/p>\n<p>i de tornada, a creuar el riu un altre cop. estava fresqueta \ud83d\ude42<\/p>\n<p><img loading=\"lazy\" decoding=\"async\" src=\"http:\/\/www.traba.org\/trabablog\/wp-content\/uploads\/2014\/06\/IMG_4811.jpg\" alt=\"IMG_4811\" width=\"800\" height=\"533\" \/> <img loading=\"lazy\" decoding=\"async\" src=\"http:\/\/www.traba.org\/trabablog\/wp-content\/uploads\/2014\/06\/IMG_4820.jpg\" alt=\"IMG_4820\" width=\"800\" height=\"533\" \/> <img loading=\"lazy\" decoding=\"async\" src=\"http:\/\/www.traba.org\/trabablog\/wp-content\/uploads\/2014\/06\/IMG_4830.jpg\" alt=\"IMG_4830\" width=\"800\" height=\"533\" \/><\/p>\n<p>el m\u00e9s pesat del cami aquest \u00e9s la pujada de tornada del final.<\/p>\n<p><img loading=\"lazy\" decoding=\"async\" src=\"http:\/\/www.traba.org\/trabablog\/wp-content\/uploads\/2014\/06\/IMG_4833.jpg\" alt=\"IMG_4833\" width=\"800\" height=\"533\" \/><\/p>\n","protected":false},"excerpt":{"rendered":"<p>a que no sabeu qu\u00e8 hi ha a navarra? encara no hav\u00edem posat foto del nostre cotxe nou, la touran. semblava que an\u00e9s a ploure, per\u00f2 hem acabat l\u2019excursi\u00f3 amb&#8230;<\/p>\n","protected":false},"author":5,"featured_media":9791,"comment_status":"open","ping_status":"closed","sticky":false,"template":"","format":"standard","meta":{"_monsterinsights_skip_tracking":false,"_monsterinsights_sitenote_active":false,"_monsterinsights_sitenote_note":"","_monsterinsights_sitenote_category":0,"footnotes":""},"categories":[111,4],"tags":[51,40,100,67,68],"class_list":["post-9804","post","type-post","status-publish","format-standard","has-post-thumbnail","hentry","category-pirineu-2014","category-vacances","tag-excusio","tag-geocaching","tag-lola","tag-pirineu","tag-wikiloc"],"_links":{"self":[{"href":"http:\/\/traba.org\/trabablog\/index.php?rest_route=\/wp\/v2\/posts\/9804","targetHints":{"allow":["GET"]}}],"collection":[{"href":"http:\/\/traba.org\/trabablog\/index.php?rest_route=\/wp\/v2\/posts"}],"about":[{"href":"http:\/\/traba.org\/trabablog\/index.php?rest_route=\/wp\/v2\/types\/post"}],"author":[{"embeddable":true,"href":"http:\/\/traba.org\/trabablog\/index.php?rest_route=\/wp\/v2\/users\/5"}],"replies":[{"embeddable":true,"href":"http:\/\/traba.org\/trabablog\/index.php?rest_route=%2Fwp%2Fv2%2Fcomments&post=9804"}],"version-history":[{"count":2,"href":"http:\/\/traba.org\/trabablog\/index.php?rest_route=\/wp\/v2\/posts\/9804\/revisions"}],"predecessor-version":[{"id":9806,"href":"http:\/\/traba.org\/trabablog\/index.php?rest_route=\/wp\/v2\/posts\/9804\/revisions\/9806"}],"wp:featuredmedia":[{"embeddable":true,"href":"http:\/\/traba.org\/trabablog\/index.php?rest_route=\/wp\/v2\/media\/9791"}],"wp:attachment":[{"href":"http:\/\/traba.org\/trabablog\/index.php?rest_route=%2Fwp%2Fv2%2Fmedia&parent=9804"}],"wp:term":[{"taxonomy":"category","embeddable":true,"href":"http:\/\/traba.org\/trabablog\/index.php?rest_route=%2Fwp%2Fv2%2Fcategories&post=9804"},{"taxonomy":"post_tag","embeddable":true,"href":"http:\/\/traba.org\/trabablog\/index.php?rest_route=%2Fwp%2Fv2%2Ftags&post=9804"}],"curies":[{"name":"wp","href":"https:\/\/api.w.org\/{rel}","templated":true}]}}