{"id":9943,"date":"2014-08-29T22:24:11","date_gmt":"2014-08-29T21:24:11","guid":{"rendered":"http:\/\/www.traba.org\/trabablog\/?p=9943"},"modified":"2014-08-29T22:31:01","modified_gmt":"2014-08-29T21:31:01","slug":"la-lola-fa-2-anys","status":"publish","type":"post","link":"http:\/\/traba.org\/trabablog\/?p=9943","title":{"rendered":"la lola fa 2 anys"},"content":{"rendered":"<p>uns v\u00eddeos que ten\u00edem pendents fa gaireb\u00e9 mig any!<\/p>\n<p><iframe loading=\"lazy\" src=\"\/\/www.youtube.com\/embed\/NsDrMhOUzoc?list=UUBGLvI-ojjzlixVYH3vuxCA\" width=\"640\" height=\"360\" frameborder=\"0\"><\/iframe><\/p>\n<p>la lola amb la tamtam.<\/p>\n<p><img loading=\"lazy\" decoding=\"async\" src=\"http:\/\/www.traba.org\/trabablog\/wp-content\/uploads\/2014\/08\/image_2.jpg\" alt=\"image_2\" width=\"800\" height=\"1066\" \/><\/p>\n<p>sessi\u00f3 fotogr\u00e0fica 2.<\/p>\n<p><img loading=\"lazy\" decoding=\"async\" src=\"http:\/\/www.traba.org\/trabablog\/wp-content\/uploads\/2014\/08\/DSCF3161.jpg\" alt=\"DSCF3161\" width=\"800\" height=\"531\" \/> <img loading=\"lazy\" decoding=\"async\" src=\"http:\/\/www.traba.org\/trabablog\/wp-content\/uploads\/2014\/08\/DSCF3166.jpg\" alt=\"DSCF3166\" width=\"800\" height=\"531\" \/> <img loading=\"lazy\" decoding=\"async\" src=\"http:\/\/www.traba.org\/trabablog\/wp-content\/uploads\/2014\/08\/DSCF3172.jpg\" alt=\"DSCF3172\" width=\"800\" height=\"531\" \/><\/p>\n<p>el beb\u00e9 no t\u00e9 pito?<\/p>\n<p><img loading=\"lazy\" decoding=\"async\" src=\"http:\/\/www.traba.org\/trabablog\/wp-content\/uploads\/2014\/08\/IMG_20140809_114049.jpg\" alt=\"IMG_20140809_114049\" width=\"800\" height=\"1066\" \/><\/p>\n<p>el primer gelat de la lola, un magnum white a sitges.<\/p>\n<p><img loading=\"lazy\" decoding=\"async\" src=\"http:\/\/www.traba.org\/trabablog\/wp-content\/uploads\/2014\/08\/IMG_5252.jpg\" alt=\"IMG_5252\" width=\"800\" height=\"1066\" \/><\/p>\n<p>i a l\u2019aigua.<\/p>\n<p><img loading=\"lazy\" decoding=\"async\" src=\"http:\/\/www.traba.org\/trabablog\/wp-content\/uploads\/2014\/08\/IMG_5259.jpg\" alt=\"IMG_5259\" width=\"800\" height=\"1066\" \/> <img loading=\"lazy\" decoding=\"async\" src=\"http:\/\/www.traba.org\/trabablog\/wp-content\/uploads\/2014\/08\/IMG_5264.jpg\" alt=\"IMG_5264\" width=\"800\" height=\"1066\" \/><\/p>\n<p>a les festes de gr\u00e0cia.<\/p>\n<p><img loading=\"lazy\" decoding=\"async\" src=\"http:\/\/www.traba.org\/trabablog\/wp-content\/uploads\/2014\/08\/DSCF3194.jpg\" alt=\"DSCF3194\" width=\"800\" height=\"531\" \/><\/p>\n<p>amb el xavi que ens prenia el globus.<\/p>\n<p><img loading=\"lazy\" decoding=\"async\" src=\"http:\/\/www.traba.org\/trabablog\/wp-content\/uploads\/2014\/08\/DSCF3195.jpg\" alt=\"DSCF3195\" width=\"800\" height=\"531\" \/> <img loading=\"lazy\" decoding=\"async\" src=\"http:\/\/www.traba.org\/trabablog\/wp-content\/uploads\/2014\/08\/DSCF3227.jpg\" alt=\"DSCF3227\" width=\"800\" height=\"531\" \/> <img loading=\"lazy\" decoding=\"async\" src=\"http:\/\/www.traba.org\/trabablog\/wp-content\/uploads\/2014\/08\/DSCF3239.jpg\" alt=\"DSCF3239\" width=\"800\" height=\"531\" \/> <img loading=\"lazy\" decoding=\"async\" src=\"http:\/\/www.traba.org\/trabablog\/wp-content\/uploads\/2014\/08\/DSCF3245.jpg\" alt=\"DSCF3245\" width=\"800\" height=\"531\" \/><\/p>\n<p>vam anar a sopar al lucania. a les 8 encara no hi ha gent.<\/p>\n<p><img loading=\"lazy\" decoding=\"async\" src=\"http:\/\/www.traba.org\/trabablog\/wp-content\/uploads\/2014\/08\/DSCF3259.jpg\" alt=\"DSCF3259\" width=\"800\" height=\"1204\" \/> <img loading=\"lazy\" decoding=\"async\" src=\"http:\/\/www.traba.org\/trabablog\/wp-content\/uploads\/2014\/08\/DSCF3283.jpg\" alt=\"DSCF3283\" width=\"800\" height=\"531\" \/><\/p>\n<p>ai els zombis\u2026 portar\u00e0 cua\u2026 m\u00e9s en propers v\u00eddeos.<\/p>\n<p><img loading=\"lazy\" decoding=\"async\" src=\"http:\/\/www.traba.org\/trabablog\/wp-content\/uploads\/2014\/08\/DSCF3314.jpg\" alt=\"DSCF3314\" width=\"800\" height=\"1204\" \/> <img loading=\"lazy\" decoding=\"async\" src=\"http:\/\/www.traba.org\/trabablog\/wp-content\/uploads\/2014\/08\/DSCF3316.jpg\" alt=\"DSCF3316\" width=\"800\" height=\"531\" \/> <img loading=\"lazy\" decoding=\"async\" src=\"http:\/\/www.traba.org\/trabablog\/wp-content\/uploads\/2014\/08\/DSCF3319.jpg\" alt=\"DSCF3319\" width=\"800\" height=\"530\" \/> <img loading=\"lazy\" decoding=\"async\" src=\"http:\/\/www.traba.org\/trabablog\/wp-content\/uploads\/2014\/08\/DSCF3329.jpg\" alt=\"DSCF3329\" width=\"800\" height=\"531\" \/><\/p>\n<p>i al dia seg\u00fcent a donar iogurt a l\u2019audrie.<\/p>\n<p><img loading=\"lazy\" decoding=\"async\" src=\"http:\/\/www.traba.org\/trabablog\/wp-content\/uploads\/2014\/08\/DSCF3335.jpg\" alt=\"DSCF3335\" width=\"800\" height=\"531\" \/><\/p>\n<p>bufant les espelemes dels 2 anys a casa la iaia montse.<\/p>\n<p><img loading=\"lazy\" decoding=\"async\" src=\"http:\/\/www.traba.org\/trabablog\/wp-content\/uploads\/2014\/08\/IMG_5308.jpg\" alt=\"IMG_5308\" width=\"800\" height=\"1066\" \/><\/p>\n<p>obrint regals a urquinaona.<\/p>\n<p><img loading=\"lazy\" decoding=\"async\" src=\"http:\/\/www.traba.org\/trabablog\/wp-content\/uploads\/2014\/08\/DSCF3343.jpg\" alt=\"DSCF3343\" width=\"800\" height=\"1204\" \/> <img loading=\"lazy\" decoding=\"async\" src=\"http:\/\/www.traba.org\/trabablog\/wp-content\/uploads\/2014\/08\/DSCF3347.jpg\" alt=\"DSCF3347\" width=\"800\" height=\"1205\" \/> <img loading=\"lazy\" decoding=\"async\" src=\"http:\/\/www.traba.org\/trabablog\/wp-content\/uploads\/2014\/08\/DSCF3352.jpg\" alt=\"DSCF3352\" width=\"800\" height=\"531\" \/> <img loading=\"lazy\" decoding=\"async\" src=\"http:\/\/www.traba.org\/trabablog\/wp-content\/uploads\/2014\/08\/DSCF3354.jpg\" alt=\"DSCF3354\" width=\"800\" height=\"1204\" \/><\/p>\n<p>el tambor!<\/p>\n<p><img loading=\"lazy\" decoding=\"async\" src=\"http:\/\/www.traba.org\/trabablog\/wp-content\/uploads\/2014\/08\/DSCF3360.jpg\" alt=\"DSCF3360\" width=\"800\" height=\"1204\" \/><\/p>\n<p>ara cada cop que el vol tocar, pregunta: els ve\u00efns estan desperts? i si contestes que dormen, s\u2019enfada.<\/p>\n<p><img loading=\"lazy\" decoding=\"async\" src=\"http:\/\/www.traba.org\/trabablog\/wp-content\/uploads\/2014\/08\/DSCF3363.jpg\" alt=\"DSCF3363\" width=\"800\" height=\"1204\" \/><\/p>\n<p>oooh\u2026 un beb\u00e9\u2026 per qu\u00e8 ser\u00e0?<\/p>\n<p><img loading=\"lazy\" decoding=\"async\" src=\"http:\/\/www.traba.org\/trabablog\/wp-content\/uploads\/2014\/08\/DSCF3398.jpg\" alt=\"DSCF3398\" width=\"800\" height=\"531\" \/><\/p>\n<p>i per fi, les espelmes.<\/p>\n<p><img loading=\"lazy\" decoding=\"async\" src=\"http:\/\/www.traba.org\/trabablog\/wp-content\/uploads\/2014\/08\/DSCF3428.jpg\" alt=\"DSCF3428\" width=\"800\" height=\"531\" \/> <img loading=\"lazy\" decoding=\"async\" src=\"http:\/\/www.traba.org\/trabablog\/wp-content\/uploads\/2014\/08\/DSCF3432.jpg\" alt=\"DSCF3432\" width=\"800\" height=\"531\" \/> <img loading=\"lazy\" decoding=\"async\" src=\"http:\/\/www.traba.org\/trabablog\/wp-content\/uploads\/2014\/08\/DSCF3433.jpg\" alt=\"DSCF3433\" width=\"800\" height=\"531\" \/><\/p>\n<p>als jardins de la torre de les aig\u00fces.<\/p>\n<p><img loading=\"lazy\" decoding=\"async\" src=\"http:\/\/www.traba.org\/trabablog\/wp-content\/uploads\/2014\/08\/IMG_20140824_171131.jpg\" alt=\"IMG_20140824_171131\" width=\"800\" height=\"1066\" \/><\/p>\n<p>i ja no hem parat de menjar gelats.<\/p>\n<p><img loading=\"lazy\" decoding=\"async\" src=\"http:\/\/www.traba.org\/trabablog\/wp-content\/uploads\/2014\/08\/IMG_20140824_175546.jpg\" alt=\"IMG_20140824_175546\" width=\"800\" height=\"1066\" \/><\/p>\n<p>jugant a fer menjars.<\/p>\n<p><img loading=\"lazy\" decoding=\"async\" src=\"http:\/\/www.traba.org\/trabablog\/wp-content\/uploads\/2014\/08\/IMG_5325.jpg\" alt=\"IMG_5325\" width=\"800\" height=\"1066\" \/><\/p>\n<p>i visita fuga\u00e7 al parc de la ciutadella amb la laureta.<\/p>\n<p><img loading=\"lazy\" decoding=\"async\" src=\"http:\/\/www.traba.org\/trabablog\/wp-content\/uploads\/2014\/08\/IMG_5335.jpg\" alt=\"IMG_5335\" width=\"800\" height=\"599\" \/><\/p>\n<p>i\u2026. comencen les vacances \ud83d\ude42<\/p>\n","protected":false},"excerpt":{"rendered":"<p>uns v\u00eddeos que ten\u00edem pendents fa gaireb\u00e9 mig any! la lola amb la tamtam. sessi\u00f3 fotogr\u00e0fica 2. el beb\u00e9 no t\u00e9 pito? el primer gelat de la lola, un magnum&#8230;<\/p>\n","protected":false},"author":5,"featured_media":9928,"comment_status":"open","ping_status":"closed","sticky":false,"template":"","format":"standard","meta":{"_monsterinsights_skip_tracking":false,"_monsterinsights_sitenote_active":false,"_monsterinsights_sitenote_note":"","_monsterinsights_sitenote_category":0,"footnotes":""},"categories":[28],"tags":[62,104,100,41,74,42,89],"class_list":["post-9943","post","type-post","status-publish","format-standard","has-post-thumbnail","hentry","category-ordinary-days","tag-barcelona","tag-firsts","tag-lola","tag-mar","tag-piscina","tag-platja","tag-sitges"],"_links":{"self":[{"href":"http:\/\/traba.org\/trabablog\/index.php?rest_route=\/wp\/v2\/posts\/9943","targetHints":{"allow":["GET"]}}],"collection":[{"href":"http:\/\/traba.org\/trabablog\/index.php?rest_route=\/wp\/v2\/posts"}],"about":[{"href":"http:\/\/traba.org\/trabablog\/index.php?rest_route=\/wp\/v2\/types\/post"}],"author":[{"embeddable":true,"href":"http:\/\/traba.org\/trabablog\/index.php?rest_route=\/wp\/v2\/users\/5"}],"replies":[{"embeddable":true,"href":"http:\/\/traba.org\/trabablog\/index.php?rest_route=%2Fwp%2Fv2%2Fcomments&post=9943"}],"version-history":[{"count":3,"href":"http:\/\/traba.org\/trabablog\/index.php?rest_route=\/wp\/v2\/posts\/9943\/revisions"}],"predecessor-version":[{"id":16568,"href":"http:\/\/traba.org\/trabablog\/index.php?rest_route=\/wp\/v2\/posts\/9943\/revisions\/16568"}],"wp:featuredmedia":[{"embeddable":true,"href":"http:\/\/traba.org\/trabablog\/index.php?rest_route=\/wp\/v2\/media\/9928"}],"wp:attachment":[{"href":"http:\/\/traba.org\/trabablog\/index.php?rest_route=%2Fwp%2Fv2%2Fmedia&parent=9943"}],"wp:term":[{"taxonomy":"category","embeddable":true,"href":"http:\/\/traba.org\/trabablog\/index.php?rest_route=%2Fwp%2Fv2%2Fcategories&post=9943"},{"taxonomy":"post_tag","embeddable":true,"href":"http:\/\/traba.org\/trabablog\/index.php?rest_route=%2Fwp%2Fv2%2Ftags&post=9943"}],"curies":[{"name":"wp","href":"https:\/\/api.w.org\/{rel}","templated":true}]}}