{"id":998,"date":"2008-09-08T16:35:51","date_gmt":"2008-09-08T14:35:51","guid":{"rendered":"http:\/\/www.traba.org\/trabablog\/?p=998"},"modified":"2008-09-09T17:21:01","modified_gmt":"2008-09-09T15:21:01","slug":"navajo-land","status":"publish","type":"post","link":"http:\/\/traba.org\/trabablog\/?p=998","title":{"rendered":"Navajo Land"},"content":{"rendered":"<p>380 km (total 6.217 km).<\/p>\n<p>Aquest mat\u00ed tocava acabar de veure Arches. La calor era infernal per\u00f2 hem aconseguit fer la minixcursi\u00f3 sense cremar-nos i sense patir cap lipot\u00edmia.<\/p>\n<p>Aqu\u00ed teniu un dels hotspots de l&#8217;excursi\u00f3, el Pine Arch.<\/p>\n<p><a href=\"http:\/\/www.traba.org\/trabablog\/wp-content\/uploads\/2008\/09\/imgp33002.jpg\"><img loading=\"lazy\" decoding=\"async\" style=\"border-top-width: 0px; border-left-width: 0px; border-bottom-width: 0px; border-right-width: 0px\" height=\"364\" alt=\"IMGP3300\" src=\"http:\/\/www.traba.org\/trabablog\/wp-content\/uploads\/2008\/09\/imgp3300-thumb.jpg\" width=\"484\" border=\"0\"\/><\/a> <\/p>\n<p>Una de les vistes del cam\u00ed.<\/p>\n<p><a href=\"http:\/\/www.traba.org\/trabablog\/wp-content\/uploads\/2008\/09\/imgp3301.jpg\"><img loading=\"lazy\" decoding=\"async\" style=\"border-top-width: 0px; border-left-width: 0px; border-bottom-width: 0px; border-right-width: 0px\" height=\"364\" alt=\"IMGP3301\" src=\"http:\/\/www.traba.org\/trabablog\/wp-content\/uploads\/2008\/09\/imgp3301-thumb.jpg\" width=\"484\" border=\"0\"\/><\/a> <\/p>\n<p>Caminant.<\/p>\n<p><a href=\"http:\/\/www.traba.org\/trabablog\/wp-content\/uploads\/2008\/09\/imgp3302.jpg\"><img loading=\"lazy\" decoding=\"async\" style=\"border-top-width: 0px; border-left-width: 0px; border-bottom-width: 0px; border-right-width: 0px\" height=\"364\" alt=\"IMGP3302\" src=\"http:\/\/www.traba.org\/trabablog\/wp-content\/uploads\/2008\/09\/imgp3302-thumb.jpg\" width=\"484\" border=\"0\"\/><\/a> <\/p>\n<p>Un altre hotspot, el Landscape Arch, el m\u00e9s llarg del parc, segons la guia.<\/p>\n<p><a href=\"http:\/\/www.traba.org\/trabablog\/wp-content\/uploads\/2008\/09\/2008-08-i-09-canada-usa-0081.jpg\"><img loading=\"lazy\" decoding=\"async\" style=\"border-top-width: 0px; border-left-width: 0px; border-bottom-width: 0px; border-right-width: 0px\" height=\"324\" alt=\"2008-08 i 09 Canada &amp; USA 008\" src=\"http:\/\/www.traba.org\/trabablog\/wp-content\/uploads\/2008\/09\/2008-08-i-09-canada-usa-008-thumb1.jpg\" width=\"484\" border=\"0\"\/><\/a> <\/p>\n<p>El Francesc somrient \ud83d\ude42<\/p>\n<p><a href=\"http:\/\/www.traba.org\/trabablog\/wp-content\/uploads\/2008\/09\/2008-08-i-09-canada-usa-017.jpg\"><img loading=\"lazy\" decoding=\"async\" style=\"border-top-width: 0px; border-left-width: 0px; border-bottom-width: 0px; border-right-width: 0px\" height=\"324\" alt=\"2008-08 i 09 Canada &amp; USA 017\" src=\"http:\/\/www.traba.org\/trabablog\/wp-content\/uploads\/2008\/09\/2008-08-i-09-canada-usa-017-thumb.jpg\" width=\"484\" border=\"0\"\/><\/a> <\/p>\n<p>I demostraci\u00f3 que est\u00e0vem al desert.<\/p>\n<p><a href=\"http:\/\/www.traba.org\/trabablog\/wp-content\/uploads\/2008\/09\/2008-08-i-09-canada-usa-018.jpg\"><img loading=\"lazy\" decoding=\"async\" style=\"border-top-width: 0px; border-left-width: 0px; border-bottom-width: 0px; border-right-width: 0px\" height=\"644\" alt=\"2008-08 i 09 Canada &amp; USA 018\" src=\"http:\/\/www.traba.org\/trabablog\/wp-content\/uploads\/2008\/09\/2008-08-i-09-canada-usa-018-thumb.jpg\" width=\"431\" border=\"0\"\/><\/a><\/p>\n<p>I final de l&#8217;excursi\u00f3, els lavabos.<\/p>\n<p><a href=\"http:\/\/www.traba.org\/trabablog\/wp-content\/uploads\/2008\/09\/2008-08-i-09-canada-usa-0241.jpg\"><img loading=\"lazy\" decoding=\"async\" style=\"border-top-width: 0px; border-left-width: 0px; border-bottom-width: 0px; border-right-width: 0px\" height=\"324\" alt=\"2008-08 i 09 Canada &amp; USA 024\" src=\"http:\/\/www.traba.org\/trabablog\/wp-content\/uploads\/2008\/09\/2008-08-i-09-canada-usa-024-thumb2.jpg\" width=\"484\" border=\"0\"\/><\/a> <\/p>\n<p>En tots els parcs que hem anat hi ha lavabos d&#8217;aquests, amb fosa s\u00e8ptica. N&#8217;hi ha de m\u00e9s desagradables que altres.<\/p>\n<p>Uns cactus m\u00e9s.<\/p>\n<p><a href=\"http:\/\/www.traba.org\/trabablog\/wp-content\/uploads\/2008\/09\/imgp3311.jpg\"><img loading=\"lazy\" decoding=\"async\" style=\"border-top-width: 0px; border-left-width: 0px; border-bottom-width: 0px; border-right-width: 0px\" height=\"364\" alt=\"IMGP3311\" src=\"http:\/\/www.traba.org\/trabablog\/wp-content\/uploads\/2008\/09\/imgp3311-thumb.jpg\" width=\"484\" border=\"0\"\/><\/a>&nbsp; <\/p>\n<p>I l&#8217;\u00faltim hotspot del parc, Double Arch. Mireu el punt vermell, \u00e9s una persona.<\/p>\n<p><a href=\"http:\/\/www.traba.org\/trabablog\/wp-content\/uploads\/2008\/09\/2008-08-i-09-canada-usa-026.jpg\"><img loading=\"lazy\" decoding=\"async\" style=\"border-top-width: 0px; border-left-width: 0px; border-bottom-width: 0px; border-right-width: 0px\" height=\"324\" alt=\"2008-08 i 09 Canada &amp; USA 026\" src=\"http:\/\/www.traba.org\/trabablog\/wp-content\/uploads\/2008\/09\/2008-08-i-09-canada-usa-026-thumb.jpg\" width=\"484\" border=\"0\"\/><\/a><\/p>\n<p>Dinar i els gaireb\u00e9 400 km de rigor i hem arribat a Monument Valley, el de les pel\u00edcules del John Ford. \u00c9s un parc que pertany als Indis Navajos, dins de la Reserva Navaja (<a href=\"http:\/\/en.wikipedia.org\/wiki\/Navajo_Nation\">Navajo Nation<\/a>). Per explicar-ho r\u00e0pid: hi ha un territori on tot el qu\u00e8 hi ha \u00e9s dels indis navajos i viuen all\u00e0 i \u00e9s una porqueria. Et fan pagar 5 dolars per persona per entrar al parc (20$ total) quan el passe anual per tots els parcs naturals de USA val 80$. I no nom\u00e9s aix\u00f2, sin\u00f3 que entres al parc i no est\u00e0 asfaltat i per poder fer excursions a peu, has de pagar de m\u00e9s a m\u00e9s. Un timo. <\/p>\n<p>Tots els indios est\u00e0n gordos, no respecten els l\u00edmits de velocitat de les carreteres, porten als nen de no m\u00e9s de 6 anys a la part de darrere de les furgonetes (pickups)&#8230; I no poden beure alcohol&#8230; el van prohibir fa un temps. Perqu\u00e8? No ho sabem&#8230; I moltes m\u00e9s coses que desconeixem&#8230; haurem d&#8217;investigar. Fen\u00f2men curi\u00f3s aquest.<\/p>\n<p>De totes maneres, hem entrat i hem fet fotos.<\/p>\n<p>Aquesta \u00e9s abans d&#8217;entrar.<\/p>\n<p><a href=\"http:\/\/www.traba.org\/trabablog\/wp-content\/uploads\/2008\/09\/imgp3326.jpg\"><img loading=\"lazy\" decoding=\"async\" style=\"border-top-width: 0px; border-left-width: 0px; border-bottom-width: 0px; border-right-width: 0px\" height=\"364\" alt=\"IMGP3326\" src=\"http:\/\/www.traba.org\/trabablog\/wp-content\/uploads\/2008\/09\/imgp3326-thumb.jpg\" width=\"484\" border=\"0\"\/><\/a> <\/p>\n<p>El making off de la foto anterior.<\/p>\n<p><a href=\"http:\/\/www.traba.org\/trabablog\/wp-content\/uploads\/2008\/09\/2008-08-i-09-canada-usa-0311.jpg\"><img loading=\"lazy\" decoding=\"async\" style=\"border-top-width: 0px; border-left-width: 0px; border-bottom-width: 0px; border-right-width: 0px\" height=\"324\" alt=\"2008-08 i 09 Canada &amp; USA 031\" src=\"http:\/\/www.traba.org\/trabablog\/wp-content\/uploads\/2008\/09\/2008-08-i-09-canada-usa-031-thumb1.jpg\" width=\"484\" border=\"0\"\/><\/a> <\/p>\n<p>Unes muntanyetes abans&#8230;<\/p>\n<p><a href=\"http:\/\/www.traba.org\/trabablog\/wp-content\/uploads\/2008\/09\/2008-08-i-09-canada-usa-0331.jpg\"><img loading=\"lazy\" decoding=\"async\" style=\"border-top-width: 0px; border-left-width: 0px; border-bottom-width: 0px; border-right-width: 0px\" height=\"324\" alt=\"2008-08 i 09 Canada &amp; USA 033\" src=\"http:\/\/www.traba.org\/trabablog\/wp-content\/uploads\/2008\/09\/2008-08-i-09-canada-usa-033-thumb1.jpg\" width=\"484\" border=\"0\"\/><\/a><\/p>\n<p>&#8230; i just a la posta de sol.<\/p>\n<p><a href=\"http:\/\/www.traba.org\/trabablog\/wp-content\/uploads\/2008\/09\/2008-08-i-09-canada-usa-045.jpg\"><img loading=\"lazy\" decoding=\"async\" style=\"border-top-width: 0px; border-left-width: 0px; border-bottom-width: 0px; border-right-width: 0px\" height=\"324\" alt=\"2008-08 i 09 Canada &amp; USA 045\" src=\"http:\/\/www.traba.org\/trabablog\/wp-content\/uploads\/2008\/09\/2008-08-i-09-canada-usa-045-thumb.jpg\" width=\"484\" border=\"0\"\/><\/a>&nbsp; <\/p>\n<p>La Laia i una muntanyeta al fondo.<\/p>\n<p><a href=\"http:\/\/www.traba.org\/trabablog\/wp-content\/uploads\/2008\/09\/imgp3336.jpg\"><img loading=\"lazy\" decoding=\"async\" style=\"border-top-width: 0px; border-left-width: 0px; border-bottom-width: 0px; border-right-width: 0px\" height=\"364\" alt=\"IMGP3336\" src=\"http:\/\/www.traba.org\/trabablog\/wp-content\/uploads\/2008\/09\/imgp3336-thumb.jpg\" width=\"484\" border=\"0\"\/><\/a> <\/p>\n<p>A Sopar un chulet\u00f3n a la brasa i una Bud a Mexican Hat, fora de la reserva, on si que es pot beure alcohol.<\/p>\n<p><a href=\"http:\/\/www.traba.org\/trabablog\/wp-content\/uploads\/2008\/09\/imgp3360.jpg\"><img loading=\"lazy\" decoding=\"async\" style=\"border-top-width: 0px; border-left-width: 0px; border-bottom-width: 0px; border-right-width: 0px\" height=\"364\" alt=\"IMGP3360\" src=\"http:\/\/www.traba.org\/trabablog\/wp-content\/uploads\/2008\/09\/imgp3360-thumb.jpg\" width=\"484\" border=\"0\"\/><\/a><\/p>\n<p>El cuiner.<\/p>\n<p><a href=\"http:\/\/www.traba.org\/trabablog\/wp-content\/uploads\/2008\/09\/imgp3364.jpg\"><img loading=\"lazy\" decoding=\"async\" style=\"border-top-width: 0px; border-left-width: 0px; border-bottom-width: 0px; border-right-width: 0px\" height=\"364\" alt=\"IMGP3364\" src=\"http:\/\/www.traba.org\/trabablog\/wp-content\/uploads\/2008\/09\/imgp3364-thumb.jpg\" width=\"484\" border=\"0\"\/><\/a> <\/p>\n<p>And the Swinging Fire.<\/p>\n<p><a href=\"http:\/\/www.traba.org\/trabablog\/wp-content\/uploads\/2008\/09\/imgp3372.jpg\"><img loading=\"lazy\" decoding=\"async\" style=\"border-top-width: 0px; border-left-width: 0px; border-bottom-width: 0px; border-right-width: 0px\" height=\"364\" alt=\"IMGP3372\" src=\"http:\/\/www.traba.org\/trabablog\/wp-content\/uploads\/2008\/09\/imgp3372-thumb.jpg\" width=\"484\" border=\"0\"\/><\/a> <\/p>\n<p>Dem\u00e0 cap al North Rim del Ca\u00f1\u00f3n del Colorado. Anem a una cabana pioner, aix\u00ed que molt possiblement no tindrem internet. Per\u00f2 mai se sap! <\/p>\n","protected":false},"excerpt":{"rendered":"<p>380 km (total 6.217 km). Aquest mat\u00ed tocava acabar de veure Arches. La calor era infernal per\u00f2 hem aconseguit fer la minixcursi\u00f3 sense cremar-nos i sense patir cap lipot\u00edmia. Aqu\u00ed&#8230;<\/p>\n","protected":false},"author":5,"featured_media":0,"comment_status":"open","ping_status":"open","sticky":false,"template":"","format":"standard","meta":{"_monsterinsights_skip_tracking":false,"_monsterinsights_sitenote_active":false,"_monsterinsights_sitenote_note":"","_monsterinsights_sitenote_category":0,"footnotes":""},"categories":[13,4],"tags":[],"class_list":["post-998","post","type-post","status-publish","format-standard","hentry","category-canada-usa","category-vacances"],"_links":{"self":[{"href":"http:\/\/traba.org\/trabablog\/index.php?rest_route=\/wp\/v2\/posts\/998","targetHints":{"allow":["GET"]}}],"collection":[{"href":"http:\/\/traba.org\/trabablog\/index.php?rest_route=\/wp\/v2\/posts"}],"about":[{"href":"http:\/\/traba.org\/trabablog\/index.php?rest_route=\/wp\/v2\/types\/post"}],"author":[{"embeddable":true,"href":"http:\/\/traba.org\/trabablog\/index.php?rest_route=\/wp\/v2\/users\/5"}],"replies":[{"embeddable":true,"href":"http:\/\/traba.org\/trabablog\/index.php?rest_route=%2Fwp%2Fv2%2Fcomments&post=998"}],"version-history":[{"count":1,"href":"http:\/\/traba.org\/trabablog\/index.php?rest_route=\/wp\/v2\/posts\/998\/revisions"}],"predecessor-version":[{"id":999,"href":"http:\/\/traba.org\/trabablog\/index.php?rest_route=\/wp\/v2\/posts\/998\/revisions\/999"}],"wp:attachment":[{"href":"http:\/\/traba.org\/trabablog\/index.php?rest_route=%2Fwp%2Fv2%2Fmedia&parent=998"}],"wp:term":[{"taxonomy":"category","embeddable":true,"href":"http:\/\/traba.org\/trabablog\/index.php?rest_route=%2Fwp%2Fv2%2Fcategories&post=998"},{"taxonomy":"post_tag","embeddable":true,"href":"http:\/\/traba.org\/trabablog\/index.php?rest_route=%2Fwp%2Fv2%2Ftags&post=998"}],"curies":[{"name":"wp","href":"https:\/\/api.w.org\/{rel}","templated":true}]}}